{"id":1646,"date":"2021-10-15T15:32:25","date_gmt":"2021-10-15T18:32:25","guid":{"rendered":"https:\/\/uie.usach.cl\/?p=1646"},"modified":"2021-10-15T15:34:52","modified_gmt":"2021-10-15T18:34:52","slug":"6-motivos-para-postular-a-la-linea-de-innovacion-social-de-despega-usach-e-impactar-positivamente-al-mundo","status":"publish","type":"post","link":"https:\/\/dinem.usach.cl\/index.php\/2021\/10\/15\/6-motivos-para-postular-a-la-linea-de-innovacion-social-de-despega-usach-e-impactar-positivamente-al-mundo\/","title":{"rendered":"6 motivos para postular a la l\u00ednea de Innovaci\u00f3n Social de Despega Usach e impactar positivamente al mundo"},"content":{"rendered":"\t\t<div data-elementor-type=\"wp-post\" data-elementor-id=\"1646\" class=\"elementor elementor-1646\" data-elementor-post-type=\"post\">\n\t\t\t\t\t\t\t\t\t<section class=\"elementor-section elementor-top-section elementor-element elementor-element-d01171c elementor-section-boxed elementor-section-height-default elementor-section-height-default\" data-id=\"d01171c\" data-element_type=\"section\">\n\t\t\t\t\t\t<div class=\"elementor-container elementor-column-gap-default\">\n\t\t\t\t\t<div class=\"elementor-column elementor-col-100 elementor-top-column elementor-element elementor-element-0d6c647\" data-id=\"0d6c647\" data-element_type=\"column\">\n\t\t\t<div class=\"elementor-widget-wrap elementor-element-populated\">\n\t\t\t\t\t\t\t\t<section class=\"elementor-section elementor-inner-section elementor-element elementor-element-bcf352c elementor-section-boxed elementor-section-height-default elementor-section-height-default\" data-id=\"bcf352c\" data-element_type=\"section\">\n\t\t\t\t\t\t<div class=\"elementor-container elementor-column-gap-default\">\n\t\t\t\t\t<div class=\"elementor-column elementor-col-50 elementor-inner-column elementor-element elementor-element-4020e3e\" data-id=\"4020e3e\" data-element_type=\"column\">\n\t\t\t<div class=\"elementor-widget-wrap elementor-element-populated\">\n\t\t\t\t\t\t\t\t<div class=\"elementor-element elementor-element-6703613 elementor-widget elementor-widget-text-editor\" data-id=\"6703613\" data-element_type=\"widget\" data-widget_type=\"text-editor.default\">\n\t\t\t\t<div class=\"elementor-widget-container\">\n\t\t\t\t\t\t\t<p><!-- wp:heading {\"level\":3} --><\/p><p>ESTE A\u00d1O EL CONCURSO ABRI\u00d3 ESTA NUEVA CATEGOR\u00cdA, DONDE SE PUEDEN PRESENTAR IDEAS QUE TENGAN POTENCIAL PARA CONVERTIRSE EN EMPRENDIMIENTOS DE ALTO IMPACTO ECON\u00d3MICO, SOCIAL Y AMBIENTAL. LAS PROPUESTAS QUE POSTULEN DEBEN ESTAR ORIENTADAS A DAR SOLUCI\u00d3N A UNO DE LOS OBJETIVOS DE DESARROLLO SOSTENIBLE DE LA ONU COMO ES ERRADICAR LA POBREZA Y CUIDAR EL MEDIOAMBIENTE, ENTRE OTROS M\u00c1S.<\/p><p><!-- \/wp:image --><!-- wp:paragraph --><\/p><p><!-- \/wp:paragraph --><\/p>\t\t\t\t\t\t<\/div>\n\t\t\t\t<\/div>\n\t\t\t\t\t<\/div>\n\t\t<\/div>\n\t\t\t\t<div class=\"elementor-column elementor-col-50 elementor-inner-column elementor-element elementor-element-ed28499\" data-id=\"ed28499\" data-element_type=\"column\">\n\t\t\t<div class=\"elementor-widget-wrap elementor-element-populated\">\n\t\t\t\t\t\t\t\t<div class=\"elementor-element elementor-element-2ffe314 elementor-widget elementor-widget-text-editor\" data-id=\"2ffe314\" data-element_type=\"widget\" data-widget_type=\"text-editor.default\">\n\t\t\t\t<div class=\"elementor-widget-container\">\n\t\t\t\t\t\t\t<p><!-- wp:heading {\"level\":3} --><\/p><p><!-- \/wp:paragraph --><\/p><p><!-- wp:paragraph --><\/p><div class=\"media media-element-container media-default media-float-left\"><div id=\"file-2868\" class=\"file file-image file-image-jpeg\"><div class=\"content\">\u00bfTe gustar\u00eda liderar un emprendimiento que desde la tecnolog\u00eda y la innovaci\u00f3n pueda mejorar la calidad de vida humana, reducir las desigualdades sociales o proteja la biodiversidad? Y adem\u00e1s de esto \u00bflograr tener un alto impacto econ\u00f3mico, social o ambiental?<\/div><\/div><\/div><p>Este escenario es cada d\u00eda posible, porque la forma de hacer negocios est\u00e1 cambiando. Hoy no se trata s\u00f3lo de crecer, sino tambi\u00e9n de impactar positivamente al planeta, a las ciudades, a nuestra comunidad o a las personas que trabajan con nosotros.<\/p><p>Si crees que tienes las capacidades y las ganas para ser parte de un desaf\u00edo como este, te invitamos a participar en la nueva categor\u00eda de\u00a0<a href=\"https:\/\/despegausach.cl\/innovacion-social\/\">Innovaci\u00f3n Social<\/a>\u00a0de Despega Usach, concurso dirigido a estudiantes de pre y postgrado de nuestra Universidad, que es organizado por la\u00a0<a href=\"https:\/\/www.vridei.usach.cl\/noticias\/nueva-unidad-de-innovacion-y-emprendimiento-busca-fomentar-ideas-con-impacto-economico\">Unidad de Innovaci\u00f3n y Emprendimiento<\/a>\u00a0de nuestra\u00a0<a href=\"https:\/\/vridei.usach.cl\/\">Vicerrector\u00eda de Investigaci\u00f3n, Desarrollo e Innovaci\u00f3n<\/a>. A esta l\u00ednea de financiamiento podr\u00e1s postular una idea que pueda transformar realidades sociales y medioambientales, tomando como desaf\u00edo alguno de los Objetivos de Desarrollo Sostenible (ODS) que se propuso alcanzar la Organizaci\u00f3n de las Naciones Unidas (ONU).<\/p><p>\u00bfQuieres conocer m\u00e1s de la l\u00ednea de Innovaci\u00f3n Social? A continuaci\u00f3n te contamos de qu\u00e9 se trata y cu\u00e1les son los beneficios que trae para los equipos que queden preseleccionados en nuestra convocatoria. \u00bfEst\u00e1s listo para leer? \u00a1Entonces, comencemos ahora!<\/p><p><strong>1. Podr\u00e1s emprender e innovar desde una visi\u00f3n social<\/strong><\/p><p>\u00bfHaz escuchado hablar sobre innovaci\u00f3n social? Si no lo sabes, te contamos que es entendida como el proceso donde la sociedad civil se articula para identificar y dar soluciones innovadoras a sus propias problem\u00e1ticas y desaf\u00edos.<\/p><p>\u00bfC\u00f3mo lo conseguimos? Mediante la colaboraci\u00f3n, la participaci\u00f3n activa de las distintas partes involucradas y la b\u00fasqueda del llamado triple impacto en nuestro proyecto, es decir lograr beneficios econ\u00f3micos, sociales y ambientales.<\/p><p><strong>2. Aportar\u00e1s para transformar realidades globales<\/strong><\/p><p>Una de las caracter\u00edsticas de la innovaci\u00f3n social es identificar el desaf\u00edo que est\u00e1 tratando de resolver y \u201cen ese sentido los Objetivos de Desarrollo Sostenible (ODS) de las Naciones Unidas son una excelente gu\u00eda de d\u00f3nde atacar\u201d, comenta Tadashi Takaoka, Gerente General de Socialab.<\/p><p>\u00bfY cu\u00e1les son los ODS a los que podemos dar soluci\u00f3n? Son 17 en total, entre los cuales se encuentran poner fin a la pobreza y el hambre, educaci\u00f3n de calidad, \u00a0ciudades sostenibles y acciones por el clima, entre muchos m\u00e1s.<\/p><p>Ejemplo de lo anterior es Cyclico, uno de los proyectos ganadores de Despega Usach en 2019, que fabrica cubiertos sustentables creados con latas de aluminio recicladas. Y \u00bfqu\u00e9 problemas est\u00e1 atacando?: la contaminaci\u00f3n con pl\u00e1stico de un solo uso y la falta de reciclaje. Al respecto, Sergio Cerda, CEO de este emprendimiento, resalta\u00a0 que \u201ccomo equipo nos interes\u00f3 crear una iniciativa con impacto positivo en el medio ambiente y aportar para tener un futuro mejor\u201d.<\/p><p>Esta misma visi\u00f3n es compartida por otra de las triunfadoras del concurso en la versi\u00f3n 2017, Fernanda Ram\u00edrez, L\u00edder de Drasbio, el cual se dedica al desarrollo de productos biodegradables y compostables con residuos agr\u00edcolas. \u201cQuer\u00edamos una propuesta que no tuviera impacto negativo. Es necesario buscar el equilibrio entre nuestras necesidades y el medio ambiente\u201d, se\u00f1ala.<\/p><p><strong>3. S\u00f3lo necesitas una idea para participar en el concurso<\/strong><\/p><p>Uno de los requisitos para que postules a Despega Usach es presentar una propuesta en fase de\u00a0 idea o desarrollo inicial, con potencial de convertirse en un emprendimiento con triple impacto.<\/p><p>\u201cEl programa se posiciona en las etapas iniciales de formaci\u00f3n de emprendimientos, por lo cual toma especial relevancia instalar capacidades y habilidades de innovaci\u00f3n y emprendimiento entre los participantes. Adem\u00e1s, reforzamos\u00a0 la validaci\u00f3n temprana de ideas para impulsar instancias donde las y los estudiantes se acerquen a las industrias, sectores productivos, y comunidades donde impactan sus ideas, y validen en terreno la viabilidad comercial y t\u00e9cnica de sus propuestas\u201d, explica Leonidas Ibarrra, jefe de la Unidad de Innovaci\u00f3n y Emprendimiento.<\/p><p><strong>4. Acceder\u00e1s a un programa de formaci\u00f3n en emprendimiento e innovaci\u00f3n<\/strong><\/p><p>Si tu equipo queda preseleccionado, podr\u00e1 acceder a un ciclo de talleres formativos que abordar\u00e1n contenidos sobre formulaci\u00f3n de proyectos, identificaci\u00f3n de oportunidades, prototipado, segmentaci\u00f3n de mercado, modelos del negocio y presentaciones efectivas, entre otros m\u00e1s.<\/p><p>Tambi\u00e9n tendr\u00e1n talleres tem\u00e1ticos, en este caso\u00a0 con foco en la innovaci\u00f3n social, donde les entregar\u00e1n contenidos y metodolog\u00edas claves para potenciar las iniciativas que participan en dicha categor\u00eda.<\/p><p><strong>5. Orientar\u00e1n tu proyecto expertos en innovaci\u00f3n social<\/strong><\/p><p>Este a\u00f1o la UIE inici\u00f3 alianzas con importantes centros, que colaborar\u00e1n desde su expertise\u00a0 para potenciar proyectos de innovaci\u00f3n social. Uno es Socialab, la red de solucionadores de problemas sociales m\u00e1s grande del mundo, que trabaja junto a empresas, gobiernos, startups y creativos para resolver distintos\u00a0 desaf\u00edos, a trav\u00e9s de la innovaci\u00f3n social<\/p><p>El otro es el Centro Internacional de Econom\u00eda Social y Cooperativa (CIESCOOP), perteneciente a la Facultad de Administraci\u00f3n y Econom\u00eda (FAE) de la Usach, que realizar\u00e1 el acompa\u00f1amiento a los equipos desde la preselecci\u00f3n hasta la premiaci\u00f3n, con la finalidad de que puedan concretar sus propuestas.<\/p><p>Al respecto, Mario Radrig\u00e1n, director de CIESCOOP, resalta que\u00a0 \u201ctenemos la expectativa que exista un porcentaje importante de proyectos centrados en innovaci\u00f3n social que podamos seguir apoyando, realizando el mayor esfuerzo para que los mismos se puedan concretar\u201d.<\/p><p><strong>6. Tu proyecto podr\u00e1 tener un triple impacto<\/strong><\/p><p>Tadashi Takaoka advierte que hoy hay \u201ctres factores a resolver en las startups con triple impacto: desempe\u00f1o econ\u00f3mico y social importantes, y ser medioambientalmente sustentables en el tiempo\u201d.<\/p><p>\u00bfPodemos conseguirlo en nuestro emprendimiento? \u201cS\u00ed, se puede y ahora es el momento para generar estos proyectos, inclusive a nivel gubernamental. Si lo vemos desde la perspectiva de negocios, los consumidores est\u00e1n tomando conciencia sobre los productos que consumen y no le interesan aquellos que perjudican al planeta o a las personas\u201d, destaca Sergio Cerda.<\/p><p>Si a\u00fan tienes dudas \u00bfTe damos alg\u00fan ejemplo de una marca conocida? Se trata de Al Gramo, emprendimiento que es un claro ejemplo de c\u00f3mo construir un emprendimiento con gran impacto econ\u00f3mico, social y ambiental.<\/p><p>Esta empresa se ha consolidado en el mercado nacional, a trav\u00e9s de la comercializaci\u00f3n e instalaci\u00f3n de m\u00e1quinas dispensadoras de productos b\u00e1sicos en los almacenes de barrio. As\u00ed, los almaceneros pueden vender a granel, competir con los grandes supermercados y generar ganancias; las familias compran la cantidad necesaria y logran ahorrar hasta un\u00a0 40%, y adem\u00e1s, se protege al medio ambiente, al promover la reutilizaci\u00f3n de envases y reducir la huella de carbono de cada persona.<\/p><p><strong>\u00bfNecesitas m\u00e1s razones para postular a la categor\u00eda de Innovaci\u00f3n Social y ser parte de Despega Usach?<\/strong><\/p><p>Para postular a nuestro concurso s\u00f3lo se requiere de dos pasos que son muy sencillos y r\u00e1pidos. Primero deber\u00e1s crear una cuenta en nuestra p\u00e1gina web y una vez que te registres, tendr\u00e1s la opci\u00f3n de recibir una asesor\u00eda personalizada para formular tu propuesta. Para terminar, s\u00f3lo debes completar el formulario de postulaci\u00f3n.<\/p><p>Si quieres saber m\u00e1s, te recordamos que toda la informaci\u00f3n de nuestro concurso se encuentra disponible en sus redes sociales\u00a0<a href=\"https:\/\/www.facebook.com\/udestgoemprende\/\">Facebook<\/a>,\u00a0<a href=\"https:\/\/twitter.com\/UdeStgoEmprende\">Twitter<\/a>\u00a0e\u00a0<a href=\"https:\/\/www.instagram.com\/despegausach\/\">Instagram<\/a>\u00a0y en su sitio web\u00a0<a href=\"http:\/\/www.despegausach.cl\/\">www.despegausach.cl<\/a><\/p><p>\u00a0<\/p><p><strong>Texto:<\/strong>\u00a0Paola Armijo<\/p><p><strong>Fotograf\u00edas:\u00a0<\/strong>Freepik<\/p><p><strong>Tags<\/strong>: Innovaci\u00f3n Social<\/p><p>Despega USACH<\/p><p>Unidad de Innovaci\u00f3n y Emprendimiento<\/p><p>Vicerrector\u00eda de Investigaci\u00f3n, Desarrollo e Innovaci\u00f3n<\/p><p><!-- \/wp:paragraph --><\/p>\t\t\t\t\t\t<\/div>\n\t\t\t\t<\/div>\n\t\t\t\t\t<\/div>\n\t\t<\/div>\n\t\t\t\t\t\t\t<\/div>\n\t\t<\/section>\n\t\t\t\t\t<\/div>\n\t\t<\/div>\n\t\t\t\t\t\t\t<\/div>\n\t\t<\/section>\n\t\t\t\t\t\t\t<\/div>\n\t\t","protected":false},"excerpt":{"rendered":"<p>ESTE A\u00d1O EL CONCURSO ABRI\u00d3 ESTA NUEVA CATEGOR\u00cdA, DONDE SE PUEDEN PRESENTAR IDEAS QUE TENGAN POTENCIAL PARA CONVERTIRSE EN EMPRENDIMIENTOS DE ALTO IMPACTO ECON\u00d3MICO, SOCIAL Y AMBIENTAL. LAS PROPUESTAS QUE POSTULEN DEBEN ESTAR ORIENTADAS A DAR SOLUCI\u00d3N A UNO DE LOS OBJETIVOS DE DESARROLLO SOSTENIBLE DE LA ONU COMO ES ERRADICAR LA POBREZA Y CUIDAR &hellip;<\/p>\n<p class=\"read-more\"> <a class=\"\" href=\"https:\/\/dinem.usach.cl\/index.php\/2021\/10\/15\/6-motivos-para-postular-a-la-linea-de-innovacion-social-de-despega-usach-e-impactar-positivamente-al-mundo\/\"> <span class=\"screen-reader-text\">6 motivos para postular a la l\u00ednea de Innovaci\u00f3n Social de Despega Usach e impactar positivamente al mundo<\/span> Read More &raquo;<\/a><\/p>\n","protected":false},"author":1,"featured_media":1647,"comment_status":"closed","ping_status":"closed","sticky":false,"template":"","format":"standard","meta":{"inline_featured_image":false,"site-sidebar-layout":"default","site-content-layout":"default","ast-site-content-layout":"","site-content-style":"default","site-sidebar-style":"default","ast-global-header-display":"","ast-banner-title-visibility":"","ast-main-header-display":"","ast-hfb-above-header-display":"","ast-hfb-below-header-display":"","ast-hfb-mobile-header-display":"","site-post-title":"","ast-breadcrumbs-content":"","ast-featured-img":"","footer-sml-layout":"","theme-transparent-header-meta":"default","adv-header-id-meta":"","stick-header-meta":"","header-above-stick-meta":"","header-main-stick-meta":"","header-below-stick-meta":"","astra-migrate-meta-layouts":"","ast-page-background-enabled":"default","ast-page-background-meta":{"desktop":{"background-color":"","background-image":"","background-repeat":"repeat","background-position":"center center","background-size":"auto","background-attachment":"scroll","background-type":"","background-media":"","overlay-type":"","overlay-color":"","overlay-gradient":""},"tablet":{"background-color":"","background-image":"","background-repeat":"repeat","background-position":"center center","background-size":"auto","background-attachment":"scroll","background-type":"","background-media":"","overlay-type":"","overlay-color":"","overlay-gradient":""},"mobile":{"background-color":"","background-image":"","background-repeat":"repeat","background-position":"center center","background-size":"auto","background-attachment":"scroll","background-type":"","background-media":"","overlay-type":"","overlay-color":"","overlay-gradient":""}},"ast-content-background-meta":{"desktop":{"background-color":"var(--ast-global-color-5)","background-image":"","background-repeat":"repeat","background-position":"center center","background-size":"auto","background-attachment":"scroll","background-type":"","background-media":"","overlay-type":"","overlay-color":"","overlay-gradient":""},"tablet":{"background-color":"var(--ast-global-color-5)","background-image":"","background-repeat":"repeat","background-position":"center center","background-size":"auto","background-attachment":"scroll","background-type":"","background-media":"","overlay-type":"","overlay-color":"","overlay-gradient":""},"mobile":{"background-color":"var(--ast-global-color-5)","background-image":"","background-repeat":"repeat","background-position":"center center","background-size":"auto","background-attachment":"scroll","background-type":"","background-media":"","overlay-type":"","overlay-color":"","overlay-gradient":""}},"footnotes":""},"categories":[1],"tags":[],"_links":{"self":[{"href":"https:\/\/dinem.usach.cl\/index.php\/wp-json\/wp\/v2\/posts\/1646"}],"collection":[{"href":"https:\/\/dinem.usach.cl\/index.php\/wp-json\/wp\/v2\/posts"}],"about":[{"href":"https:\/\/dinem.usach.cl\/index.php\/wp-json\/wp\/v2\/types\/post"}],"author":[{"embeddable":true,"href":"https:\/\/dinem.usach.cl\/index.php\/wp-json\/wp\/v2\/users\/1"}],"replies":[{"embeddable":true,"href":"https:\/\/dinem.usach.cl\/index.php\/wp-json\/wp\/v2\/comments?post=1646"}],"version-history":[{"count":4,"href":"https:\/\/dinem.usach.cl\/index.php\/wp-json\/wp\/v2\/posts\/1646\/revisions"}],"predecessor-version":[{"id":1652,"href":"https:\/\/dinem.usach.cl\/index.php\/wp-json\/wp\/v2\/posts\/1646\/revisions\/1652"}],"wp:featuredmedia":[{"embeddable":true,"href":"https:\/\/dinem.usach.cl\/index.php\/wp-json\/wp\/v2\/media\/1647"}],"wp:attachment":[{"href":"https:\/\/dinem.usach.cl\/index.php\/wp-json\/wp\/v2\/media?parent=1646"}],"wp:term":[{"taxonomy":"category","embeddable":true,"href":"https:\/\/dinem.usach.cl\/index.php\/wp-json\/wp\/v2\/categories?post=1646"},{"taxonomy":"post_tag","embeddable":true,"href":"https:\/\/dinem.usach.cl\/index.php\/wp-json\/wp\/v2\/tags?post=1646"}],"curies":[{"name":"wp","href":"https:\/\/api.w.org\/{rel}","templated":true}]}}