{"id":1670,"date":"2021-10-15T16:57:57","date_gmt":"2021-10-15T19:57:57","guid":{"rendered":"https:\/\/uie.usach.cl\/?p=1670"},"modified":"2021-10-15T16:58:39","modified_gmt":"2021-10-15T19:58:39","slug":"ideactiva-destaca-apoyo-de-innovo-a-emprendedores-de-estacion-central-para-que-potencien-sus-negocios","status":"publish","type":"post","link":"https:\/\/dinem.usach.cl\/index.php\/2021\/10\/15\/ideactiva-destaca-apoyo-de-innovo-a-emprendedores-de-estacion-central-para-que-potencien-sus-negocios\/","title":{"rendered":"Ideactiva destaca apoyo de INNOVO a emprendedores de Estaci\u00f3n Central para que potencien sus negocios"},"content":{"rendered":"\t\t<div data-elementor-type=\"wp-post\" data-elementor-id=\"1670\" class=\"elementor elementor-1670\" data-elementor-post-type=\"post\">\n\t\t\t\t\t\t\t\t\t<section class=\"elementor-section elementor-top-section elementor-element elementor-element-c0a188f elementor-section-boxed elementor-section-height-default elementor-section-height-default\" data-id=\"c0a188f\" data-element_type=\"section\">\n\t\t\t\t\t\t<div class=\"elementor-container elementor-column-gap-default\">\n\t\t\t\t\t<div class=\"elementor-column elementor-col-100 elementor-top-column elementor-element elementor-element-c309f1a\" data-id=\"c309f1a\" data-element_type=\"column\">\n\t\t\t<div class=\"elementor-widget-wrap elementor-element-populated\">\n\t\t\t\t\t\t\t\t<section class=\"elementor-section elementor-inner-section elementor-element elementor-element-5fc48eb elementor-section-boxed elementor-section-height-default elementor-section-height-default\" data-id=\"5fc48eb\" data-element_type=\"section\">\n\t\t\t\t\t\t<div class=\"elementor-container elementor-column-gap-default\">\n\t\t\t\t\t<div class=\"elementor-column elementor-col-50 elementor-inner-column elementor-element elementor-element-5d5e5d8\" data-id=\"5d5e5d8\" data-element_type=\"column\">\n\t\t\t<div class=\"elementor-widget-wrap elementor-element-populated\">\n\t\t\t\t\t\t\t\t<div class=\"elementor-element elementor-element-a5ee9b4 elementor-widget elementor-widget-text-editor\" data-id=\"a5ee9b4\" data-element_type=\"widget\" data-widget_type=\"text-editor.default\">\n\t\t\t\t<div class=\"elementor-widget-container\">\n\t\t\t\t\t\t\t<p><!-- wp:heading {\"level\":3} --><\/p><div data-id=\"f2ecf6b\" data-element_type=\"column\"><div><div data-id=\"6e04279\" data-element_type=\"widget\" data-widget_type=\"text-editor.default\"><div><div>COMO UNA FORMA DE CONTRIBUIR A LA ECONOM\u00cdA LOCAL DESDE EL MUNDO ACAD\u00c9MICO, LA UNIDAD DE INNOVACI\u00d3N Y EMPRENDIMIENTO, A TRAV\u00c9S DE SU INCUBADORA DE NEGOCIOS, Y EL CENTRO IDEACTIVA INICIARON UN ESPACIO DE COLABORACI\u00d3N ORIENTADO A ENTREGAR CONOCIMIENTOS Y HERRAMIENTAS A MICROEMPRESARIOS DE ESTA COMUNA PARA QUE PUEDAN MEJORAR SUS EMPRENDIMIENTOS.<\/div><\/div><\/div><\/div><\/div><div data-id=\"5f95058\" data-element_type=\"column\"><div><div data-id=\"0cee067\" data-element_type=\"widget\" data-widget_type=\"text-editor.default\"><div><div>\u00a0<\/div><\/div><\/div><\/div><\/div><p><!-- \/wp:image --><!-- wp:paragraph --><\/p><p><!-- \/wp:paragraph --><\/p>\t\t\t\t\t\t<\/div>\n\t\t\t\t<\/div>\n\t\t\t\t\t<\/div>\n\t\t<\/div>\n\t\t\t\t<div class=\"elementor-column elementor-col-50 elementor-inner-column elementor-element elementor-element-68a2232\" data-id=\"68a2232\" data-element_type=\"column\">\n\t\t\t<div class=\"elementor-widget-wrap elementor-element-populated\">\n\t\t\t\t\t\t\t\t<div class=\"elementor-element elementor-element-9eb1fea elementor-widget elementor-widget-text-editor\" data-id=\"9eb1fea\" data-element_type=\"widget\" data-widget_type=\"text-editor.default\">\n\t\t\t\t<div class=\"elementor-widget-container\">\n\t\t\t\t\t\t\t<p><!-- wp:heading {\"level\":3} --><\/p><p><!-- \/wp:paragraph --><\/p><p><!-- wp:paragraph --><\/p><article id=\"post-5100\"><div><div><div data-elementor-type=\"wp-post\" data-elementor-id=\"5100\" data-elementor-settings=\"[]\"><div><section data-id=\"f1012ff\" data-element_type=\"section\"><div><div data-id=\"ff942c0\" data-element_type=\"column\"><div><section data-id=\"559536b\" data-element_type=\"section\"><div><div data-id=\"5f95058\" data-element_type=\"column\"><div><div data-id=\"0cee067\" data-element_type=\"widget\" data-widget_type=\"text-editor.default\"><div><div><p>Fortalecer el emprendimiento, realizar intermediaci\u00f3n laboral y capacitar a trabajadores y emprendedores, es lo que ha venido haciendo desde hace m\u00e1s de 7 a\u00f1os el Centro Ideactiva, Corporaci\u00f3n Municipal de Estaci\u00f3n Central.<\/p><p>Como parte de su labor, hoy en d\u00eda est\u00e1 apostando fuertemente a la\u00a0 vinculaci\u00f3n con actores del mundo p\u00fablico, privado y acad\u00e9mico, entre ellos con nuestra Unidad de Innovaci\u00f3n y Emprendimiento de la Usach, a trav\u00e9s de la Incubadora de Negocio INNOVO. De hecho a principios de septiembre se desarroll\u00f3 el encuentro online \u201cFortalecer y expandir mi negocio\u201d, donde cuatro destacados profesionales de la Red de Mentores de nuestra incubadora impartieron talleres sobre costos, comercializaci\u00f3n, liderazgo, coaching y modelo de negocios a un grupo de microemprendedores que son apoyados por este centro.<\/p><p>Tal como cuenta Camila Romero, Directora de Ideactiva, \u201cel modelo de gesti\u00f3n y de planificaci\u00f3n que estamos desarrollando para el 2022 es seguir el trabajo en red y el fortalecimiento de todos los ecosistemas en diferentes \u00e1reas de la comuna\u201d. Al respecto,\u00a0 comenta que \u201ces imposible poder avanzar en emprendimiento e innovaci\u00f3n, si esto no viene acompa\u00f1ado de un fuerte trabajo territorial que permita potenciar el capital social, cultural, econ\u00f3mico y social\u201d.\u00a0\u00a0<\/p><p>Por lo mismo, explica que es necesario ir creando alianzas y redes de colaboraci\u00f3n, por lo cual la relaci\u00f3n con la Usach se vuelve esencial, \u201cen la medida que nos aportamos en el desarrollo de conocimientos y de tecnolog\u00edas para apoyar a emprendedores, as\u00ed como a peque\u00f1as y medianas empresas\u201d, precisa.\u00a0<\/p><p>Colaboraci\u00f3n y mentor\u00edas de ecosistemas UIE<\/p><p>En la actualidad, son cerca de 45 los emprendedores y emprendedoras con los que \u201cse trabaja de forma m\u00e1s constante, es decir que participan en nuestras ferias, en los cursos y los programas que ofrecemos para que puedan fortalecer sus negocios\u201d, destaca la Directora. Agrega, que hoy uno de los\u00a0 gran desaf\u00edos que tienen es que \u00e9stos puedan seguir creciendo, alcancen mayores ventas y se formalicen, entre otros.<\/p><p>En ese contexto subraya que las masterclass\u00a0 que ha gestionado INNOVO van en la l\u00ednea de lo que este centro busca aportar a las y los microemprendedores, en t\u00e9rminos de conocimiento y el manejo de diversas herramientas que los ayude a mejorar sus posibilidades de hacer crecer sus iniciativas. \u201cEsto va ser posible si cuentan con un modelo de negocios sostenible y el capital que les permita sostenerse en el tiempo. En ese sentido, la opci\u00f3n que hemos tomado ha sido externalizar, contando con profesionales m\u00e1s capacitados que puedan impartir estos talleres\u201d enfatiza y a\u00f1ade que \u201ctodo ese trabajo, finalmente debiese llevar a la independencia del emprendedor\u201d.<\/p><p>Otro de los puntos que destaca de la relaci\u00f3n con nuestra incubadora,\u00a0 es la importancia que tienen los talleres para los mismos microemprendedores, quienes asisten y participan con mucho inter\u00e9s. Dice que la oportunidad que representa para ellos, estar en contacto con la universidad, les genera un valor agregado en cuanto a formaci\u00f3n, pasando a ser parte de \u201csu sello y adem\u00e1s, tiene un factor de motivaci\u00f3n frente a cualquier tipo de mentor\u00eda o de capacitaci\u00f3n que se realice\u201d.<\/p><p>Asimismo, manifiesta que en el corto plazo esperar\u00eda poder generar alianzas y convenios de trabajo con la Usach, a trav\u00e9s de la UIE, de manera que \u201cpodamos ir avanzando en las diferentes \u00e1reas qu\u00e9 tenemos que ver como centro. Para nosotros, es una relaci\u00f3n bastante importante y fundamental, sobre todo porque trabajamos con personas y necesitamos apoyo para las intervenciones que realizamos\u201d, puntualiza.<\/p><p>\u00a0<\/p><p>Texto:\u00a0Paola Armijo<\/p><p>Fotograf\u00edas:\u00a0Centro Ideactiva<\/p><p>Tags:\u00a0INNOVO<\/p><p>Unidad de Innovaci\u00f3n y Emprendimiento\u00a0<\/p><p>Vicerrector\u00eda de Investigaci\u00f3n, Desarrollo e Innovaci\u00f3n<\/p><\/div><\/div><\/div><\/div><\/div><\/div><\/section><\/div><\/div><\/div><\/section><\/div><\/div><\/div><\/div><\/article><nav class=\"navigation post-navigation\" role=\"navigation\" aria-label=\"Entradas\"><\/nav><p><!-- \/wp:paragraph --><\/p>\t\t\t\t\t\t<\/div>\n\t\t\t\t<\/div>\n\t\t\t\t\t<\/div>\n\t\t<\/div>\n\t\t\t\t\t\t\t<\/div>\n\t\t<\/section>\n\t\t\t\t\t<\/div>\n\t\t<\/div>\n\t\t\t\t\t\t\t<\/div>\n\t\t<\/section>\n\t\t\t\t\t\t\t<\/div>\n\t\t","protected":false},"excerpt":{"rendered":"<p>COMO UNA FORMA DE CONTRIBUIR A LA ECONOM\u00cdA LOCAL DESDE EL MUNDO ACAD\u00c9MICO, LA UNIDAD DE INNOVACI\u00d3N Y EMPRENDIMIENTO, A TRAV\u00c9S DE SU INCUBADORA DE NEGOCIOS, Y EL CENTRO IDEACTIVA INICIARON UN ESPACIO DE COLABORACI\u00d3N ORIENTADO A ENTREGAR CONOCIMIENTOS Y HERRAMIENTAS A MICROEMPRESARIOS DE ESTA COMUNA PARA QUE PUEDAN MEJORAR SUS EMPRENDIMIENTOS.\u00a0 Fortalecer el emprendimiento, &hellip;<\/p>\n<p class=\"read-more\"> <a class=\"\" href=\"https:\/\/dinem.usach.cl\/index.php\/2021\/10\/15\/ideactiva-destaca-apoyo-de-innovo-a-emprendedores-de-estacion-central-para-que-potencien-sus-negocios\/\"> <span class=\"screen-reader-text\">Ideactiva destaca apoyo de INNOVO a emprendedores de Estaci\u00f3n Central para que potencien sus negocios<\/span> Read More &raquo;<\/a><\/p>\n","protected":false},"author":1,"featured_media":1682,"comment_status":"closed","ping_status":"closed","sticky":false,"template":"","format":"standard","meta":{"inline_featured_image":false,"site-sidebar-layout":"default","site-content-layout":"default","ast-site-content-layout":"","site-content-style":"default","site-sidebar-style":"default","ast-global-header-display":"","ast-banner-title-visibility":"","ast-main-header-display":"","ast-hfb-above-header-display":"","ast-hfb-below-header-display":"","ast-hfb-mobile-header-display":"","site-post-title":"","ast-breadcrumbs-content":"","ast-featured-img":"","footer-sml-layout":"","theme-transparent-header-meta":"default","adv-header-id-meta":"","stick-header-meta":"","header-above-stick-meta":"","header-main-stick-meta":"","header-below-stick-meta":"","astra-migrate-meta-layouts":"","ast-page-background-enabled":"default","ast-page-background-meta":{"desktop":{"background-color":"","background-image":"","background-repeat":"repeat","background-position":"center center","background-size":"auto","background-attachment":"scroll","background-type":"","background-media":"","overlay-type":"","overlay-color":"","overlay-gradient":""},"tablet":{"background-color":"","background-image":"","background-repeat":"repeat","background-position":"center center","background-size":"auto","background-attachment":"scroll","background-type":"","background-media":"","overlay-type":"","overlay-color":"","overlay-gradient":""},"mobile":{"background-color":"","background-image":"","background-repeat":"repeat","background-position":"center center","background-size":"auto","background-attachment":"scroll","background-type":"","background-media":"","overlay-type":"","overlay-color":"","overlay-gradient":""}},"ast-content-background-meta":{"desktop":{"background-color":"var(--ast-global-color-5)","background-image":"","background-repeat":"repeat","background-position":"center center","background-size":"auto","background-attachment":"scroll","background-type":"","background-media":"","overlay-type":"","overlay-color":"","overlay-gradient":""},"tablet":{"background-color":"var(--ast-global-color-5)","background-image":"","background-repeat":"repeat","background-position":"center center","background-size":"auto","background-attachment":"scroll","background-type":"","background-media":"","overlay-type":"","overlay-color":"","overlay-gradient":""},"mobile":{"background-color":"var(--ast-global-color-5)","background-image":"","background-repeat":"repeat","background-position":"center center","background-size":"auto","background-attachment":"scroll","background-type":"","background-media":"","overlay-type":"","overlay-color":"","overlay-gradient":""}},"footnotes":""},"categories":[1],"tags":[],"_links":{"self":[{"href":"https:\/\/dinem.usach.cl\/index.php\/wp-json\/wp\/v2\/posts\/1670"}],"collection":[{"href":"https:\/\/dinem.usach.cl\/index.php\/wp-json\/wp\/v2\/posts"}],"about":[{"href":"https:\/\/dinem.usach.cl\/index.php\/wp-json\/wp\/v2\/types\/post"}],"author":[{"embeddable":true,"href":"https:\/\/dinem.usach.cl\/index.php\/wp-json\/wp\/v2\/users\/1"}],"replies":[{"embeddable":true,"href":"https:\/\/dinem.usach.cl\/index.php\/wp-json\/wp\/v2\/comments?post=1670"}],"version-history":[{"count":4,"href":"https:\/\/dinem.usach.cl\/index.php\/wp-json\/wp\/v2\/posts\/1670\/revisions"}],"predecessor-version":[{"id":1686,"href":"https:\/\/dinem.usach.cl\/index.php\/wp-json\/wp\/v2\/posts\/1670\/revisions\/1686"}],"wp:featuredmedia":[{"embeddable":true,"href":"https:\/\/dinem.usach.cl\/index.php\/wp-json\/wp\/v2\/media\/1682"}],"wp:attachment":[{"href":"https:\/\/dinem.usach.cl\/index.php\/wp-json\/wp\/v2\/media?parent=1670"}],"wp:term":[{"taxonomy":"category","embeddable":true,"href":"https:\/\/dinem.usach.cl\/index.php\/wp-json\/wp\/v2\/categories?post=1670"},{"taxonomy":"post_tag","embeddable":true,"href":"https:\/\/dinem.usach.cl\/index.php\/wp-json\/wp\/v2\/tags?post=1670"}],"curies":[{"name":"wp","href":"https:\/\/api.w.org\/{rel}","templated":true}]}}