{"id":3120,"date":"2022-01-05T16:22:42","date_gmt":"2022-01-05T19:22:42","guid":{"rendered":"https:\/\/uie.usach.cl\/?p=3120"},"modified":"2022-01-05T16:24:22","modified_gmt":"2022-01-05T19:24:22","slug":"gabriel-perez-integrante-de-la-red-de-mentores-es-clave-apoyar-a-las-y-los-emprendedores-desde-una-mirada-global","status":"publish","type":"post","link":"https:\/\/dinem.usach.cl\/index.php\/2022\/01\/05\/gabriel-perez-integrante-de-la-red-de-mentores-es-clave-apoyar-a-las-y-los-emprendedores-desde-una-mirada-global\/","title":{"rendered":"Gabriel P\u00e9rez, integrante de la Red de Mentores: \u201ces clave apoyar a las y los emprendedores desde una mirada global\u201d"},"content":{"rendered":"\t\t<div data-elementor-type=\"wp-post\" data-elementor-id=\"3120\" class=\"elementor elementor-3120\" data-elementor-post-type=\"post\">\n\t\t\t\t\t\t\t\t\t<section class=\"elementor-section elementor-top-section elementor-element elementor-element-485189e elementor-section-boxed elementor-section-height-default elementor-section-height-default\" data-id=\"485189e\" data-element_type=\"section\">\n\t\t\t\t\t\t<div class=\"elementor-container elementor-column-gap-default\">\n\t\t\t\t\t<div class=\"elementor-column elementor-col-100 elementor-top-column elementor-element elementor-element-3b1ba113\" data-id=\"3b1ba113\" data-element_type=\"column\">\n\t\t\t<div class=\"elementor-widget-wrap elementor-element-populated\">\n\t\t\t\t\t\t\t\t<section class=\"elementor-section elementor-inner-section elementor-element elementor-element-75e31fdf elementor-section-boxed elementor-section-height-default elementor-section-height-default\" data-id=\"75e31fdf\" data-element_type=\"section\">\n\t\t\t\t\t\t<div class=\"elementor-container elementor-column-gap-default\">\n\t\t\t\t\t<div class=\"elementor-column elementor-col-50 elementor-inner-column elementor-element elementor-element-74ae6ab1\" data-id=\"74ae6ab1\" data-element_type=\"column\">\n\t\t\t<div class=\"elementor-widget-wrap elementor-element-populated\">\n\t\t\t\t\t\t\t\t<div class=\"elementor-element elementor-element-68c6050f elementor-widget elementor-widget-text-editor\" data-id=\"68c6050f\" data-element_type=\"widget\" data-widget_type=\"text-editor.default\">\n\t\t\t\t<div class=\"elementor-widget-container\">\n\t\t\t\t\t\t\t<p><b>Este Ingeniero Civil El\u00e9ctrico titulado en Usach y actual Country Manager en DACAS Chile, obtuvo en 2021 el Premio al Mejor Mentor en el \u00e1rea de incubaci\u00f3n de la Unidad de Innovaci\u00f3n y Emprendimiento. Dice que las mentor\u00edas que realiza tienen un enfoque comercial orientado a potenciar las ventas en cada proyecto. <\/b><\/p>\t\t\t\t\t\t<\/div>\n\t\t\t\t<\/div>\n\t\t\t\t\t<\/div>\n\t\t<\/div>\n\t\t\t\t<div class=\"elementor-column elementor-col-50 elementor-inner-column elementor-element elementor-element-255c2ae6\" data-id=\"255c2ae6\" data-element_type=\"column\">\n\t\t\t<div class=\"elementor-widget-wrap elementor-element-populated\">\n\t\t\t\t\t\t\t\t<div class=\"elementor-element elementor-element-42625eb4 elementor-widget elementor-widget-text-editor\" data-id=\"42625eb4\" data-element_type=\"widget\" data-widget_type=\"text-editor.default\">\n\t\t\t\t<div class=\"elementor-widget-container\">\n\t\t\t\t\t\t\t<p>En nuestra <a href=\"https:\/\/uie.usach.cl\/index.php\/mentores\/\">Red de Mentores<\/a> participan hombres y mujeres de vasta trayectoria profesional, que colaboran aportando con sus conocimientos para guiar a emprendedores y emprendedoras que son apoyados por nuestra <a href=\"https:\/\/uie.usach.cl\/\">Unidad de Innovaci\u00f3n y Emprendimiento<\/a>, a trav\u00e9s de su Incubadora de Negocios INNOVO o en el programa Despega Usach.<\/p><p>Uno de los expertos destacados es Gabriel P\u00e9rez, Ingeniero Civil El\u00e9ctrico titulado en Usach y Country Manager en DACAS Chile. Dice que a pesar de la gran responsabilidad que tiene en su trabajo,\u00a0 siempre deja un espacio para acompa\u00f1ar a quienes se inician en su aventura empresarial.\u00a0<\/p><p>\u201cEl enfoque de las mentor\u00edas que realizo siempre ha sido m\u00e1s comercial, m\u00e1s all\u00e1 de lo que es el producto. Lo importante es que el emprendedor entienda que debe vender, por eso el foco est\u00e1 en saber cu\u00e1l ser\u00e1 el plan de negocio, cu\u00e1nto va a facturar en los pr\u00f3ximos meses o qu\u00e9 tiene que hacer para triplicar el negocio\u201d, comenta.<\/p><p>Como parte de su perfeccionamiento como mentor, en 2020 obtuvo una certificaci\u00f3n internacional de coach, lo cual le ha permitido apoyar a emprendedores desde otro foco para que \u201ctengan m\u00e1s claridad de c\u00f3mo mostrarse hacia el mercado e identificar el objetivo, las herramientas y las fortalezas que tiene para lograr esos objetivos y hacer crecer su negocio\u201d, enfatiza.<\/p><p><b>\u00bfC\u00f3mo ha sido tu experiencia desde que te integraste a la Red de Mentores?<\/b><\/p><p>Part\u00ed hace algunos a\u00f1os. Recuerdo que otro mentor, Roberto Moreno, me hablaba de las mentor\u00edas que realizaba en la Usach, lo cual me pareci\u00f3 interesante y le dije que me invitara. Luego, tras una conversaci\u00f3n con la ex directora de INNOVO, me invitaron a hacer match con emprendedores y as\u00ed comenc\u00e9 mi primera mentor\u00eda, pues anteriormente no hab\u00eda tenido experiencia formal.<\/p><p>Aunque integro una generaci\u00f3n m\u00e1s antigua, en la Red me he sentido muy bien y es muy valioso lo que ha pasado. Creo que Benjam\u00edn Carrasco, ha hecho un trabajo mucho m\u00e1s l\u00fadico, ya que est\u00e1 siempre generando contenidos para las distintas redes donde interactuamos todos, como han sido los ciclos de encuentros online.<\/p><p><b>\u00bfQu\u00e9 significa para ti participar como mentor en la Usach?\u00a0<\/b><\/p><p>Es algo refrescante para salir de mi d\u00eda a d\u00eda, mirando a empresas y emprendimientos desde una perspectiva diferente a mi experiencia en la industria tecnol\u00f3gica. Veo las problem\u00e1ticas que tienen otros y que, quiz\u00e1s nunca he encontrado, pero tambi\u00e9n puedo compartir con ellos experiencia y conocimientos. Adem\u00e1s, estar en la Red de Mentores enriquece y fortalece tu curr\u00edculum, porque no s\u00f3lo soy un gerente general con 23 a\u00f1os de trayectoria,\u00a0 sino tambi\u00e9n una persona que tiene una certificaci\u00f3n en coach, que participa de una universidad de prestigio, que es reconocido y\u00a0 en contacto con otros mentores.\u00a0<\/p><p><b>Este a\u00f1o obtuviste el Premio al Mejor Mentor en el \u00e1rea de incubaci\u00f3n \u00bfqu\u00e9 te pareci\u00f3 esta nominaci\u00f3n?<\/b><\/p><p>Me sorprendi\u00f3 mucho cuando me nombraron, pues a principios de diciembre fui al encuentro de la Red con la expectativa de compartir y participar presencialmente, porque en dos a\u00f1os de pandemia todas las reuniones eran a distancia. Ni el premio, ni la nominaci\u00f3n los esperaba. La verdad estoy muy contento, porque esto lo hago sin fines de lucro y para m\u00ed significa ayudar a emprendedores y emprendedoras.<\/p><p><b>Desde tu mirada \u00bfcu\u00e1les crees que son los desaf\u00edos de la Red de Mentores para el 2022?<\/b><\/p><p>Aportar en la visi\u00f3n de INNOVO para que llegue a ser\u00a0 la mejor incubadora de negocios de Chile. Como mentor espero que me digan \u201cGabriel trazamos un plan estrat\u00e9gico para conseguir este objetivo y nosotros te vemos participando aqu\u00ed\u201d. Tambi\u00e9n, espero mentorear a m\u00e1s empresas.<\/p><p><b>A trav\u00e9s de tu experiencia profesional\u00a0 \u00bfqu\u00e9 oportunidades existen para seguir fomentando el\u00a0 ecosistema de\u00a0 innovaci\u00f3n y emprendimiento?\u00a0<\/b><\/p><p>Desde el \u00e1mbito IT, creo que hay tres grandes desaf\u00edos. El primero es la transformaci\u00f3n digital, que lleg\u00f3 para quedarse. Segundo, el uso intensivo de la tecnolog\u00eda en todos los procesos de negocios o productivos en rubros como la miner\u00eda, la agricultura, la energ\u00eda y\u00a0 otros m\u00e1s, y el\u00a0 tercero es la ciberseguridad. Para abordar esos retos tecnol\u00f3gicos se requieren profesionales calificado, por lo cual el desaf\u00edo est\u00e1 en potenciar la vinculaci\u00f3n de las empresas con la universidad.<\/p><p>Otra de las oportunidades que veo, es que estamos en un mundo globalizado donde no hay l\u00edmites para que los emprendimientos que surgen en la UIE, a trav\u00e9s de INNOVO, vendan sus productos en Per\u00fa u otros pa\u00edses. Por lo mismo, es clave entregar apoyo a las y los emprendedores desde una mirada global, ya que no s\u00f3lo estamos compitiendo con otras universidades e incubadoras nacionales, sino con otros pa\u00edses.\u00a0<\/p><p><b>Gabriel P\u00e9rez<\/b><\/p><p>Ingeniero Civil El\u00e9ctrico de la Usach y Country Manager en DACAS Chile, multinacional latinoamericana dedicada a la ciberseguridad. Posee amplia experiencia en cargos de alta direcci\u00f3n y gerencia general en empresas multinacionales del rubro de las telecomunicaciones y de las tecnolog\u00edas de la informaci\u00f3n.\u00a0<\/p><p><br \/><br \/><\/p><p><b>Texto:<\/b> Paola Armijo<\/p><p><b>Fotograf\u00edas: <\/b>Cedida<\/p><p><b>Tags<\/b>:Red de Mentores<\/p><p>Unidad de Innovaci\u00f3n y Emprendimiento\u00a0<\/p><p>Vicerrector\u00eda de Investigaci\u00f3n, Desarrollo e Innovaci\u00f3n<\/p>\t\t\t\t\t\t<\/div>\n\t\t\t\t<\/div>\n\t\t\t\t\t<\/div>\n\t\t<\/div>\n\t\t\t\t\t\t\t<\/div>\n\t\t<\/section>\n\t\t\t\t\t<\/div>\n\t\t<\/div>\n\t\t\t\t\t\t\t<\/div>\n\t\t<\/section>\n\t\t\t\t\t\t\t<\/div>\n\t\t","protected":false},"excerpt":{"rendered":"<p>Este Ingeniero Civil El\u00e9ctrico titulado en Usach y actual Country Manager en DACAS Chile, obtuvo en 2021 el Premio al Mejor Mentor en el \u00e1rea de incubaci\u00f3n de la Unidad de Innovaci\u00f3n y Emprendimiento. Dice que las mentor\u00edas que realiza tienen un enfoque comercial orientado a potenciar las ventas en cada proyecto. En nuestra Red &hellip;<\/p>\n<p class=\"read-more\"> <a class=\"\" href=\"https:\/\/dinem.usach.cl\/index.php\/2022\/01\/05\/gabriel-perez-integrante-de-la-red-de-mentores-es-clave-apoyar-a-las-y-los-emprendedores-desde-una-mirada-global\/\"> <span class=\"screen-reader-text\">Gabriel P\u00e9rez, integrante de la Red de Mentores: \u201ces clave apoyar a las y los emprendedores desde una mirada global\u201d<\/span> Read More &raquo;<\/a><\/p>\n","protected":false},"author":1,"featured_media":3121,"comment_status":"closed","ping_status":"open","sticky":false,"template":"","format":"standard","meta":{"inline_featured_image":false,"site-sidebar-layout":"default","site-content-layout":"default","ast-site-content-layout":"","site-content-style":"default","site-sidebar-style":"default","ast-global-header-display":"","ast-banner-title-visibility":"","ast-main-header-display":"","ast-hfb-above-header-display":"","ast-hfb-below-header-display":"","ast-hfb-mobile-header-display":"","site-post-title":"","ast-breadcrumbs-content":"","ast-featured-img":"","footer-sml-layout":"","theme-transparent-header-meta":"default","adv-header-id-meta":"","stick-header-meta":"","header-above-stick-meta":"","header-main-stick-meta":"","header-below-stick-meta":"","astra-migrate-meta-layouts":"","ast-page-background-enabled":"default","ast-page-background-meta":{"desktop":{"background-color":"","background-image":"","background-repeat":"repeat","background-position":"center center","background-size":"auto","background-attachment":"scroll","background-type":"","background-media":"","overlay-type":"","overlay-color":"","overlay-gradient":""},"tablet":{"background-color":"","background-image":"","background-repeat":"repeat","background-position":"center center","background-size":"auto","background-attachment":"scroll","background-type":"","background-media":"","overlay-type":"","overlay-color":"","overlay-gradient":""},"mobile":{"background-color":"","background-image":"","background-repeat":"repeat","background-position":"center center","background-size":"auto","background-attachment":"scroll","background-type":"","background-media":"","overlay-type":"","overlay-color":"","overlay-gradient":""}},"ast-content-background-meta":{"desktop":{"background-color":"var(--ast-global-color-5)","background-image":"","background-repeat":"repeat","background-position":"center center","background-size":"auto","background-attachment":"scroll","background-type":"","background-media":"","overlay-type":"","overlay-color":"","overlay-gradient":""},"tablet":{"background-color":"var(--ast-global-color-5)","background-image":"","background-repeat":"repeat","background-position":"center center","background-size":"auto","background-attachment":"scroll","background-type":"","background-media":"","overlay-type":"","overlay-color":"","overlay-gradient":""},"mobile":{"background-color":"var(--ast-global-color-5)","background-image":"","background-repeat":"repeat","background-position":"center center","background-size":"auto","background-attachment":"scroll","background-type":"","background-media":"","overlay-type":"","overlay-color":"","overlay-gradient":""}},"footnotes":""},"categories":[1],"tags":[],"_links":{"self":[{"href":"https:\/\/dinem.usach.cl\/index.php\/wp-json\/wp\/v2\/posts\/3120"}],"collection":[{"href":"https:\/\/dinem.usach.cl\/index.php\/wp-json\/wp\/v2\/posts"}],"about":[{"href":"https:\/\/dinem.usach.cl\/index.php\/wp-json\/wp\/v2\/types\/post"}],"author":[{"embeddable":true,"href":"https:\/\/dinem.usach.cl\/index.php\/wp-json\/wp\/v2\/users\/1"}],"replies":[{"embeddable":true,"href":"https:\/\/dinem.usach.cl\/index.php\/wp-json\/wp\/v2\/comments?post=3120"}],"version-history":[{"count":4,"href":"https:\/\/dinem.usach.cl\/index.php\/wp-json\/wp\/v2\/posts\/3120\/revisions"}],"predecessor-version":[{"id":3125,"href":"https:\/\/dinem.usach.cl\/index.php\/wp-json\/wp\/v2\/posts\/3120\/revisions\/3125"}],"wp:featuredmedia":[{"embeddable":true,"href":"https:\/\/dinem.usach.cl\/index.php\/wp-json\/wp\/v2\/media\/3121"}],"wp:attachment":[{"href":"https:\/\/dinem.usach.cl\/index.php\/wp-json\/wp\/v2\/media?parent=3120"}],"wp:term":[{"taxonomy":"category","embeddable":true,"href":"https:\/\/dinem.usach.cl\/index.php\/wp-json\/wp\/v2\/categories?post=3120"},{"taxonomy":"post_tag","embeddable":true,"href":"https:\/\/dinem.usach.cl\/index.php\/wp-json\/wp\/v2\/tags?post=3120"}],"curies":[{"name":"wp","href":"https:\/\/api.w.org\/{rel}","templated":true}]}}