{"id":3142,"date":"2022-01-14T15:15:24","date_gmt":"2022-01-14T18:15:24","guid":{"rendered":"https:\/\/uie.usach.cl\/?p=3142"},"modified":"2022-01-14T15:17:11","modified_gmt":"2022-01-14T18:17:11","slug":"milenka-klaric-lo-que-ganas-como-mentora-no-es-solo-la-satisfaccion-de-ayudar-sino-que-tambien-te-nutre-como-emprendedora-y-persona","status":"publish","type":"post","link":"https:\/\/dinem.usach.cl\/index.php\/2022\/01\/14\/milenka-klaric-lo-que-ganas-como-mentora-no-es-solo-la-satisfaccion-de-ayudar-sino-que-tambien-te-nutre-como-emprendedora-y-persona\/","title":{"rendered":"Milenka Klaric: \u201clo que ganas como mentora no es s\u00f3lo la satisfacci\u00f3n de ayudar, sino que tambi\u00e9n te nutre como emprendedora y persona\u201d"},"content":{"rendered":"\t\t<div data-elementor-type=\"wp-post\" data-elementor-id=\"3142\" class=\"elementor elementor-3142\" data-elementor-post-type=\"post\">\n\t\t\t\t\t\t\t\t\t<section class=\"elementor-section elementor-top-section elementor-element elementor-element-6cb00a61 elementor-section-boxed elementor-section-height-default elementor-section-height-default\" data-id=\"6cb00a61\" data-element_type=\"section\">\n\t\t\t\t\t\t<div class=\"elementor-container elementor-column-gap-default\">\n\t\t\t\t\t<div class=\"elementor-column elementor-col-100 elementor-top-column elementor-element elementor-element-314eb815\" data-id=\"314eb815\" data-element_type=\"column\">\n\t\t\t<div class=\"elementor-widget-wrap elementor-element-populated\">\n\t\t\t\t\t\t\t\t<section class=\"elementor-section elementor-inner-section elementor-element elementor-element-205bfa01 elementor-section-boxed elementor-section-height-default elementor-section-height-default\" data-id=\"205bfa01\" data-element_type=\"section\">\n\t\t\t\t\t\t<div class=\"elementor-container elementor-column-gap-default\">\n\t\t\t\t\t<div class=\"elementor-column elementor-col-50 elementor-inner-column elementor-element elementor-element-4cda18da\" data-id=\"4cda18da\" data-element_type=\"column\">\n\t\t\t<div class=\"elementor-widget-wrap elementor-element-populated\">\n\t\t\t\t\t\t\t\t<div class=\"elementor-element elementor-element-4983d402 elementor-widget elementor-widget-text-editor\" data-id=\"4983d402\" data-element_type=\"widget\" data-widget_type=\"text-editor.default\">\n\t\t\t\t<div class=\"elementor-widget-container\">\n\t\t\t\t\t\t\t<p><b>Esta periodista, emprendedora y directora de la agencia de MK Comunicaciones hoy es parte de nuestra Red de Mentores, donde ha compartido sus experiencias y conocimientos en comunicaciones con las y los emprendedores que apoya al UIE, a trav\u00e9s de la Incubadora de Negocios INNOVO. A finales del 2021, su\u00a0 labor\u00a0 fue reconocida con el premio a la mejor mentora en el \u00e1rea de incubaci\u00f3n.<\/b><\/p>\t\t\t\t\t\t<\/div>\n\t\t\t\t<\/div>\n\t\t\t\t\t<\/div>\n\t\t<\/div>\n\t\t\t\t<div class=\"elementor-column elementor-col-50 elementor-inner-column elementor-element elementor-element-3a229cf9\" data-id=\"3a229cf9\" data-element_type=\"column\">\n\t\t\t<div class=\"elementor-widget-wrap elementor-element-populated\">\n\t\t\t\t\t\t\t\t<div class=\"elementor-element elementor-element-49bd7e61 elementor-widget elementor-widget-text-editor\" data-id=\"49bd7e61\" data-element_type=\"widget\" data-widget_type=\"text-editor.default\">\n\t\t\t\t<div class=\"elementor-widget-container\">\n\t\t\t\t\t\t\t<p>Nuestra\u00a0 Red de Mentores est\u00e1 compuesta por diversos profesionales, que cada d\u00eda se esfuerzan por seguir potenciando los emprendimientos de base cient\u00edfico \u2013 tecnol\u00f3gico, que la Unidad de Innovaci\u00f3n y Emprendimiento (UIE) se encuentra apoyando<b>. <\/b>Sin embargo, tambi\u00e9n hay una veta donde la Unidad durante el 2021, se ha ido conectando con las pymes y las microempresas,\u00a0 y tambi\u00e9n,\u00a0 intentado, a trav\u00e9s de diferentes iniciativas propias y en conjunto, vincularse con otras entidades.\u00a0<\/p><p>En ambos procesos, ha sido clave\u00a0 el rol como mentora\u00a0 Milenka Klaric, periodista, emprendedora y fundadora de la\u00a0 agencia digital MK Comunicaciones. \u201cLe tengo un cari\u00f1o enorme a la instituci\u00f3n, es mi casa, estudi\u00e9 ac\u00e1. Ahora estoy feliz de pertenecer a la incubadora de la Universidad de Santiago, era algo que faltaba, ya que actualmente est\u00e1 potenciando muchos emprendimientos usach y tambi\u00e9n apoya iniciativas externas\u201d, dice.\u00a0<\/p><p><b>INICIOS EN EL EMPRENDIMIENTO<\/b><\/p><p>Milenka Klaric se titul\u00f3 como periodista en el 2012. Cuenta\u00a0 que parti\u00f3 trabajando en el \u00e1rea de investigaci\u00f3n en la Universidad de Santiago. Sin embargo, antes de terminar la carrera, encontr\u00f3 trabajo en una Agencia Digital. \u201cMe fui a trabajar dos semanas de reemplazo como Community Manager, un trabajo que hace 11 a\u00f1os no era conocido. Incluso la publicidad y el marketing, a trav\u00e9s de las redes sociales era algo desconocido\u201d, comenta.\u00a0<\/p><p>Indica que luego de esta experiencia, comenz\u00f3 a incursionar en otras agencias digitales y de marketing, hasta que lleg\u00f3 a ser directora de una empresa grande. \u201cEstaba a cargo, ten\u00eda un estr\u00e9s muy importante y lo peor de todo, no ten\u00eda tiempo para ver a mi hijo\u201d.\u00a0<\/p><p>Milenka explica que esta situaci\u00f3n deton\u00f3 para que se atreviera y comenzara a trabajar de manera independiente, donde asumi\u00f3 el riesgo de crear su propia agencia sin tener un respaldo.\u00a0 Al poco tiempo de emprender, logr\u00f3 crear una cartera de clientes y a su vez, empez\u00f3 a entender las necesidades de emprendedores m\u00e1s peque\u00f1os, siendo estos \u00faltimos sus principales clientes luego del estallido social ocurrido en octubre del 2019.<\/p><p><b>IMPORTANCIA DE COMUNICAR<\/b><\/p><p>Milenka, como buena profesional periodista, enfatiza que es clave la comunicaci\u00f3n para promover cualquier actividad \u201cya que es la \u00fanica manera de visibilizar todo este trabajo. Tambi\u00e9n, en estos tiempos donde estamos bombardeados de informaci\u00f3n, es de suma importancia saber qu\u00e9 decir y c\u00f3mo hacerlo para que el mensaje llegue de forma clara a nuestro p\u00fablico objetivo\u201d.\u00a0<\/p><p>En este contexto, comenta que estamos en la era de la informaci\u00f3n y que todo tiene procesos, por lo que no se puede pretender cosechar a corto plazo. Por eso,\u00a0 aconseja\u00a0 que la Unidad, a trav\u00e9s de su incubadora, est\u00e1 en un buen momento para difundir los temas que viene preparando hace a\u00f1os.<\/p><p>\u201cHay emprendimientos que est\u00e1n dando \u00e9xito, adem\u00e1s INNOVO se adjudic\u00f3 ser patrocinador de Semilla Inicia de Corfo, lo que significa entrar a competir con otros grandes. Aparte de todas las iniciativas para generar conocimiento, este 2022 es el momento en que la Usach entre con todo al ecosistema, sobre todo que d\u00e9 a conocer un trabajo muy importante que viene haciendo\u201d.\u00a0<\/p><p><b>BALANCE COMO MENTORA<\/b><\/p><p>\u201cAntes de\u00a0 ser mentora ten\u00eda muchos temores, aunque llevaba trabajando 10 a\u00f1os como periodista y dos como independiente,\u00a0 ayudando a otros emprendimientos. Sin embargo, vi que estar\u00eda con mentores y mentoras con mucha experiencia, que me dije a m\u00ed misma &#8216;<i>qu\u00e9 hago ac\u00e1<\/i>&#8216;. Pero, me di cuenta que lo m\u00e1s dif\u00edcil es tener confianza, ya que en el camino s\u00ed fui capaz de ayudar a otros\u201d.\u00a0<\/p><p>Un punto de inflexi\u00f3n que ha tenido en su camino como mentora, dice que fue cuando, luego de mentorear durante meses al emprendimiento Cyclico, ellos lograron adjudicarse un fondo Corfo.\u00a0\u00a0<\/p><p>\u201cYo me doy por pagada, porque lo que ganas como mentora es mucho, no s\u00f3lo te quedas con la satisfacci\u00f3n de ayudar, sino que tambi\u00e9n al explicar o conocer otras experiencias te nutres y creces, tanto como emprendedora y persona\u201d.\u00a0<\/p><p>Explica que una de las grandes oportunidades que detecta es que\u00a0 los emprendimiento incluyan de manera transversal las comunicaciones, lo cual debiese estar en el armado de los proyectos y en la venta. \u201cNo puedes vender si no sabes comunicar, ni obtener fondos Corfo, tampoco dar una buena entrevista, en caso de que un medio te contacte, o ir a buscar capital donde inversionistas. Por eso, siempre inculqu\u00e9 dos cosas en mis mentor\u00edas: la comunicaci\u00f3n debe estar presente en todo momento, es transversal, y lo segundo, debes confiar en tu idea y tomarlo en serio\u201d.\u00a0<\/p><p><b>PREMIO MEJOR MENTORA EN INCUBACI\u00d3N<\/b><\/p><p>\u201cYo estoy feliz con este reconocimiento, me sent\u00ed muy agradecida, creo que de alguna forma se premi\u00f3 el compromiso. Me siento comprometida con estar ac\u00e1 y los emprendimientos, tanto de la Universidad como del pa\u00eds. Adem\u00e1s, creo que se eval\u00fao el desempe\u00f1o como seres humanos, se destacaron a las y los mentores con m\u00e1s compromiso; de alguna manera este premio viene a destacar el valor que agregamos las y los mentores\u201d.\u00a0<\/p><p>\u00a0<\/p><p><b>PROYECCIONES Y OPORTUNIDADES<\/b><\/p><p>Finalmente, es necesario destacar la visi\u00f3n de Milenka sobre el futuro y el presente, donde ella indica que es necesario concientizar a la poblaci\u00f3n a trav\u00e9s de m\u00e1s espacios para difundir la ciencia, el emprendimiento y la innovaci\u00f3n, que viene a solucionar problemas de la vida y a cambiar el status quo en el pa\u00eds y un planeta que ya tiene otro \u201cdespertar de la conciencia\u201d, a su vez.\u00a0<\/p><p>Por \u00faltimo, resalta que que la misi\u00f3n de instituciones como la Usach\u00a0 es acercar y equiparar la brecha de g\u00e9nero que existe en espacios de emprendimientos, ciencia e investigaci\u00f3n, adem\u00e1s de fortalecer los espacios de difusi\u00f3n, ya que hoy Chile est\u00e1 al debe con estos problemas.<\/p><p><b>Texto:<\/b><span style=\"font-weight: 400;\"> Iv\u00e1n Rivera<br \/><\/span><\/p><p><b>Fotograf\u00edas: <\/b><span style=\"font-weight: 400;\">Paola Armijo<\/span><\/p><p><b>Tags<\/b><span style=\"font-weight: 400;\">:INNOVO<\/span><\/p><p><span style=\"font-weight: 400;\">Unidad de Innovaci\u00f3n y Emprendimiento\u00a0<\/span><\/p><p><span style=\"font-weight: 400;\">Vicerrector\u00eda de Investigaci\u00f3n, Desarrollo e Innovaci\u00f3n<\/span><\/p>\t\t\t\t\t\t<\/div>\n\t\t\t\t<\/div>\n\t\t\t\t\t<\/div>\n\t\t<\/div>\n\t\t\t\t\t\t\t<\/div>\n\t\t<\/section>\n\t\t\t\t\t<\/div>\n\t\t<\/div>\n\t\t\t\t\t\t\t<\/div>\n\t\t<\/section>\n\t\t\t\t\t\t\t<\/div>\n\t\t","protected":false},"excerpt":{"rendered":"<p>Esta periodista, emprendedora y directora de la agencia de MK Comunicaciones hoy es parte de nuestra Red de Mentores, donde ha compartido sus experiencias y conocimientos en comunicaciones con las y los emprendedores que apoya al UIE, a trav\u00e9s de la Incubadora de Negocios INNOVO. A finales del 2021, su\u00a0 labor\u00a0 fue reconocida con el &hellip;<\/p>\n<p class=\"read-more\"> <a class=\"\" href=\"https:\/\/dinem.usach.cl\/index.php\/2022\/01\/14\/milenka-klaric-lo-que-ganas-como-mentora-no-es-solo-la-satisfaccion-de-ayudar-sino-que-tambien-te-nutre-como-emprendedora-y-persona\/\"> <span class=\"screen-reader-text\">Milenka Klaric: \u201clo que ganas como mentora no es s\u00f3lo la satisfacci\u00f3n de ayudar, sino que tambi\u00e9n te nutre como emprendedora y persona\u201d<\/span> Read More &raquo;<\/a><\/p>\n","protected":false},"author":1,"featured_media":3143,"comment_status":"closed","ping_status":"open","sticky":false,"template":"","format":"standard","meta":{"inline_featured_image":false,"site-sidebar-layout":"default","site-content-layout":"default","ast-site-content-layout":"","site-content-style":"default","site-sidebar-style":"default","ast-global-header-display":"","ast-banner-title-visibility":"","ast-main-header-display":"","ast-hfb-above-header-display":"","ast-hfb-below-header-display":"","ast-hfb-mobile-header-display":"","site-post-title":"","ast-breadcrumbs-content":"","ast-featured-img":"","footer-sml-layout":"","theme-transparent-header-meta":"default","adv-header-id-meta":"","stick-header-meta":"","header-above-stick-meta":"","header-main-stick-meta":"","header-below-stick-meta":"","astra-migrate-meta-layouts":"","ast-page-background-enabled":"default","ast-page-background-meta":{"desktop":{"background-color":"","background-image":"","background-repeat":"repeat","background-position":"center center","background-size":"auto","background-attachment":"scroll","background-type":"","background-media":"","overlay-type":"","overlay-color":"","overlay-gradient":""},"tablet":{"background-color":"","background-image":"","background-repeat":"repeat","background-position":"center center","background-size":"auto","background-attachment":"scroll","background-type":"","background-media":"","overlay-type":"","overlay-color":"","overlay-gradient":""},"mobile":{"background-color":"","background-image":"","background-repeat":"repeat","background-position":"center center","background-size":"auto","background-attachment":"scroll","background-type":"","background-media":"","overlay-type":"","overlay-color":"","overlay-gradient":""}},"ast-content-background-meta":{"desktop":{"background-color":"var(--ast-global-color-5)","background-image":"","background-repeat":"repeat","background-position":"center center","background-size":"auto","background-attachment":"scroll","background-type":"","background-media":"","overlay-type":"","overlay-color":"","overlay-gradient":""},"tablet":{"background-color":"var(--ast-global-color-5)","background-image":"","background-repeat":"repeat","background-position":"center center","background-size":"auto","background-attachment":"scroll","background-type":"","background-media":"","overlay-type":"","overlay-color":"","overlay-gradient":""},"mobile":{"background-color":"var(--ast-global-color-5)","background-image":"","background-repeat":"repeat","background-position":"center center","background-size":"auto","background-attachment":"scroll","background-type":"","background-media":"","overlay-type":"","overlay-color":"","overlay-gradient":""}},"footnotes":""},"categories":[1],"tags":[],"_links":{"self":[{"href":"https:\/\/dinem.usach.cl\/index.php\/wp-json\/wp\/v2\/posts\/3142"}],"collection":[{"href":"https:\/\/dinem.usach.cl\/index.php\/wp-json\/wp\/v2\/posts"}],"about":[{"href":"https:\/\/dinem.usach.cl\/index.php\/wp-json\/wp\/v2\/types\/post"}],"author":[{"embeddable":true,"href":"https:\/\/dinem.usach.cl\/index.php\/wp-json\/wp\/v2\/users\/1"}],"replies":[{"embeddable":true,"href":"https:\/\/dinem.usach.cl\/index.php\/wp-json\/wp\/v2\/comments?post=3142"}],"version-history":[{"count":4,"href":"https:\/\/dinem.usach.cl\/index.php\/wp-json\/wp\/v2\/posts\/3142\/revisions"}],"predecessor-version":[{"id":3147,"href":"https:\/\/dinem.usach.cl\/index.php\/wp-json\/wp\/v2\/posts\/3142\/revisions\/3147"}],"wp:featuredmedia":[{"embeddable":true,"href":"https:\/\/dinem.usach.cl\/index.php\/wp-json\/wp\/v2\/media\/3143"}],"wp:attachment":[{"href":"https:\/\/dinem.usach.cl\/index.php\/wp-json\/wp\/v2\/media?parent=3142"}],"wp:term":[{"taxonomy":"category","embeddable":true,"href":"https:\/\/dinem.usach.cl\/index.php\/wp-json\/wp\/v2\/categories?post=3142"},{"taxonomy":"post_tag","embeddable":true,"href":"https:\/\/dinem.usach.cl\/index.php\/wp-json\/wp\/v2\/tags?post=3142"}],"curies":[{"name":"wp","href":"https:\/\/api.w.org\/{rel}","templated":true}]}}