{"id":3187,"date":"2022-01-21T15:07:23","date_gmt":"2022-01-21T18:07:23","guid":{"rendered":"https:\/\/uie.usach.cl\/?p=3187"},"modified":"2022-01-21T15:09:13","modified_gmt":"2022-01-21T18:09:13","slug":"leonidas-diaz-integrante-red-de-mentores-quise-ser-mentor-porque-queria-compartir-mis-conocimientos-y-ayudar-a-emprendedores","status":"publish","type":"post","link":"https:\/\/dinem.usach.cl\/index.php\/2022\/01\/21\/leonidas-diaz-integrante-red-de-mentores-quise-ser-mentor-porque-queria-compartir-mis-conocimientos-y-ayudar-a-emprendedores\/","title":{"rendered":"LEONIDAS D\u00cdAZ, INTEGRANTE RED DE MENTORES: \u201cQUISE SER MENTOR, PORQUE  QUER\u00cdA COMPARTIR MIS CONOCIMIENTOS Y AYUDAR A EMPRENDEDORES\u201d"},"content":{"rendered":"\t\t<div data-elementor-type=\"wp-post\" data-elementor-id=\"3187\" class=\"elementor elementor-3187\" data-elementor-post-type=\"post\">\n\t\t\t\t\t\t\t\t\t<section class=\"elementor-section elementor-top-section elementor-element elementor-element-e6af3c6 elementor-section-boxed elementor-section-height-default elementor-section-height-default\" data-id=\"e6af3c6\" data-element_type=\"section\">\n\t\t\t\t\t\t<div class=\"elementor-container elementor-column-gap-default\">\n\t\t\t\t\t<div class=\"elementor-column elementor-col-100 elementor-top-column elementor-element elementor-element-70f8a60c\" data-id=\"70f8a60c\" data-element_type=\"column\">\n\t\t\t<div class=\"elementor-widget-wrap elementor-element-populated\">\n\t\t\t\t\t\t\t\t<section class=\"elementor-section elementor-inner-section elementor-element elementor-element-38f1bfd4 elementor-section-boxed elementor-section-height-default elementor-section-height-default\" data-id=\"38f1bfd4\" data-element_type=\"section\">\n\t\t\t\t\t\t<div class=\"elementor-container elementor-column-gap-default\">\n\t\t\t\t\t<div class=\"elementor-column elementor-col-50 elementor-inner-column elementor-element elementor-element-650925da\" data-id=\"650925da\" data-element_type=\"column\">\n\t\t\t<div class=\"elementor-widget-wrap elementor-element-populated\">\n\t\t\t\t\t\t\t\t<div class=\"elementor-element elementor-element-12848532 elementor-widget elementor-widget-text-editor\" data-id=\"12848532\" data-element_type=\"widget\" data-widget_type=\"text-editor.default\">\n\t\t\t\t<div class=\"elementor-widget-container\">\n\t\t\t\t\t\t\t<p><b>La gesti\u00f3n de proyectos es el foco principal de las mentor\u00edas que este Ingeniero Inform\u00e1tico ha estado realizando por m\u00e1s de dos a\u00f1os en la Usach, ayudando para que esas iniciativas lleguen al mercado. Como reconocimiento a su labor, en 2021 la Unidad de Innovaci\u00f3n y Emprendimiento le otorg\u00f3 el Premio al Mejor Mentor en el \u00e1rea de Preincubaci\u00f3n.<\/b><\/p>\t\t\t\t\t\t<\/div>\n\t\t\t\t<\/div>\n\t\t\t\t\t<\/div>\n\t\t<\/div>\n\t\t\t\t<div class=\"elementor-column elementor-col-50 elementor-inner-column elementor-element elementor-element-7403ee55\" data-id=\"7403ee55\" data-element_type=\"column\">\n\t\t\t<div class=\"elementor-widget-wrap elementor-element-populated\">\n\t\t\t\t\t\t\t\t<div class=\"elementor-element elementor-element-473d230f elementor-widget elementor-widget-text-editor\" data-id=\"473d230f\" data-element_type=\"widget\" data-widget_type=\"text-editor.default\">\n\t\t\t\t<div class=\"elementor-widget-container\">\n\t\t\t\t\t\t\t<p>Muchos de los y las profesionales que integran nuestra Red Mentores no s\u00f3lo acumulan una amplia trayectoria\u00a0 laboral, sino tambi\u00e9n se han desempe\u00f1ado en distintos sectores de la econom\u00eda. Todo ese conocimiento resulta clave para guiar a las emprendedoras y emprendedores que apoya nuestra Unidad de Innovaci\u00f3n y Emprendimiento, a trav\u00e9s de la Incubadora de Negocios INNOVO y el programa Despegar Usach.<\/p><p>Es el caso de nuestro mentor Leonidas D\u00edaz, Ingeniero Inform\u00e1tico y Mag\u00edster en Ingenier\u00eda Industrial, quien en sus m\u00e1s de 22 a\u00f1os de experiencia ha estado al frente del desarrollo de proyectos tecnol\u00f3gicos y nuevos negocios en empresas dedicadas al retail, finanzas y miner\u00eda, entre otros.\u00a0<\/p><p>\u201cHe conocido muchas industrias, en donde he llevado a la pr\u00e1ctica la incorporaci\u00f3n y uso de las tecnolog\u00edas. Recuerdo que a fines de los 90 tuve el desaf\u00edo de desarrollar el \u00e1rea de Seguridad de Datos para que operara el primer sitio web para transacciones bancarias en Latinoam\u00e9rica, en una \u00e9poca donde la ciberseguridad a\u00fan no era masiva en cuanto a la protecci\u00f3n de la informaci\u00f3n\u201d, comenta Leonidas.<\/p><p>De ese tiempo hasta hace algunos a\u00f1os, cuenta que su trabajo \u201cfue mutando hasta llegar a la gesti\u00f3n de proyectos, es decir, unir el negocio y las \u00e1reas de tecnolog\u00eda. Eso despu\u00e9s me llev\u00f3 a ense\u00f1ar y comenc\u00e9 a hacer clases de gesti\u00f3n de proyectos en la Universidad Central\u201d. Pero no s\u00f3lo eso, en alg\u00fan momento de su vida tambi\u00e9n quiso emprender\u00a0 y comenz\u00f3 un negocio, del cual no tuvo los resultados que esperaba, aunque dice que rescata todo el aprendizaje, tanto de lo bueno como de lo malo, que signific\u00f3 esa aventura.<\/p><p>\u201cMe reinvent\u00e9 y como me hab\u00eda especializado en temas de seguridad Ti, volv\u00ed a trabajar en una empresa. Sent\u00ed que toda esa experiencia deb\u00eda transmitirla a las y los estudiantes, pero tambi\u00e9n a otros que buscaban ser independientes. Es por eso que me gusta ser mentor, porque fui emprendedor y ese conocimiento quiero compartirlo, a trav\u00e9s de la ense\u00f1anza de la gesti\u00f3n de proyectos\u201d, se\u00f1ala.<\/p><p><b>\u00bfC\u00f3mo ha sido tu experiencia desde que te integraste a la Red de Mentores?<\/b><\/p><p>Quise ser mentor, porque ten\u00eda la necesidad de entregar mis conocimientos y ayudar a otros emprendedores y emprendedoras. Llegu\u00e9 a la Red de Mentores en el 2020 y aunque estaba dispuesto, no ten\u00eda una estructura muy clara de c\u00f3mo funcionan las mentor\u00edas, as\u00ed es que Benjam\u00edn Carrasco realiz\u00f3 una capacitaci\u00f3n. Desde entonces he estado apoyando a distintos proyectos tecnol\u00f3gicos que est\u00e1n en preincubaci\u00f3n en la UIE. Lo que veo es que los equipos tienen una idea, se quieren lanzar y los gu\u00edo para que concreten la oferta antes de llegar a su mercado objetivo. Adem\u00e1s, los he ayudado para que armen su modelo de negocio y as\u00ed puedan vender mejor su idea entre potenciales clientes.<\/p><p><b>\u00bfQu\u00e9 significa para ti participar como mentor en la Usach y qu\u00e9 esperas en el futuro?<\/b><\/p><p>Me genera satisfacci\u00f3n y es un tema del que estoy feliz internamente. Por otro lado, vas generando una red\u00a0 de contactos, conoces a m\u00e1s personas y siempre nos estamos comunicando e intercambiando informaci\u00f3n. Lo que me gustar\u00eda es ir por m\u00e1s, es decir que las y los mentores tuvieran muchas m\u00e1s mentor\u00edas, poder apoyar a emprendedores que estuvieran en distintas etapas con su proyecto, y tambi\u00e9n, guiar a aquellos que ya partieron y necesitan profundizar sus conocimientos.\u00a0<\/p><p><b>Obtuviste el Premio al Mejor Mentor 2021 en el \u00e1rea de preincubaci\u00f3n \u00bfqu\u00e9 te pareci\u00f3 esta nominaci\u00f3n?<\/b><\/p><p>Fue una tremenda y grata sorpresa, aunque no pude asistir a la actividad, pues me encontraba en mi trabajo fuera de la Regi\u00f3n el d\u00eda del encuentro. No ten\u00eda idea que estaba nominado y despu\u00e9s, me enter\u00e9 que hab\u00eda ganado. Sent\u00ed que fue un reconocimiento a la labor que uno realiza, que si bien es desinteresada, tambi\u00e9n la hacemos, porque nos gusta participar en esta.\u00a0<\/p><p><b>Desde tu visi\u00f3n\u00a0 \u00bfqu\u00e9 oportunidades crees que existen para seguir fomentando el\u00a0 ecosistema de\u00a0 innovaci\u00f3n y emprendimiento?\u00a0<\/b><\/p><p>Pienso que es un\u00a0 tema muy potente en este momento. Mientras exista un escenario dominado por la\u00a0 pandemia y restricciones de movilidad, la opci\u00f3n de emprender est\u00e1 siendo cada vez mayor entre las personas y hay muy buenas ideas que se podr\u00edan armar, exportar o llevar a \u00e1mbito m\u00e1s grande desde INNOVO. La pregunta de fondo es\u00a0 \u00bfc\u00f3mo llegar a esos emprendedores y emprendedoras que est\u00e1n surgiendo? Quiz\u00e1s, se podr\u00edan realizar alianzas con personas, municipalidades u organizaciones que est\u00e1n cerca de esos emprendedores y\u00a0 que los est\u00e1n promocionando entre sus redes. Otras oportunidades, creo que\u00a0 se pueden generar a trav\u00e9s de m\u00e1s publicidad dirigida a estudiantes y emprendedores.<\/p><p><b>Leonidas D\u00edaz\u00a0<\/b><\/p><p>Ingeniero Inform\u00e1tico titulado en la Universidad T\u00e9cnica Federico Santa Mar\u00eda (UTFSM),\u00a0 Mag\u00edster en Ingenier\u00eda Industrial de la Universidad Central (UCEN) y certificado en Agile Coach Professional y Scrum Manager nivel Experto en gesti\u00f3n de proyectos \u00e1giles. Posee\u00a0 m\u00e1s de 22 a\u00f1os de s\u00f3lida trayectoria en \u00e1reas de Proyectos, Desarrollo Tecnol\u00f3gico, eCommerce y Planificaci\u00f3n Estrat\u00e9gica. Ha sido 3 veces miembro de la Directiva del PMI Santiago Chile Chapter y fundador del Grupo Referentes del Cap\u00edtulo.\u00a0<\/p><p>Amplia experiencia liderando proyectos, equipos y desarrollos de nuevos negocios, adem\u00e1s de negociaci\u00f3n con clientes y proveedores, implementaci\u00f3n de Modelos \u00c1giles y Estrategias de agregaci\u00f3n de valor con Transformaci\u00f3n Digital.\u00a0<\/p><p>\u00a0<\/p><p><b>Texto:<\/b> Paola Armijo<\/p><p><b>Fotograf\u00edas: <\/b>Gentileza Leonidas D\u00edaz<\/p><p><b>Tags<\/b>:Red de Mentores<\/p><p>INNOVO<\/p><p>Unidad de Innovaci\u00f3n y Emprendimiento<\/p>\t\t\t\t\t\t<\/div>\n\t\t\t\t<\/div>\n\t\t\t\t\t<\/div>\n\t\t<\/div>\n\t\t\t\t\t\t\t<\/div>\n\t\t<\/section>\n\t\t\t\t\t<\/div>\n\t\t<\/div>\n\t\t\t\t\t\t\t<\/div>\n\t\t<\/section>\n\t\t\t\t\t\t\t<\/div>\n\t\t","protected":false},"excerpt":{"rendered":"<p>La gesti\u00f3n de proyectos es el foco principal de las mentor\u00edas que este Ingeniero Inform\u00e1tico ha estado realizando por m\u00e1s de dos a\u00f1os en la Usach, ayudando para que esas iniciativas lleguen al mercado. Como reconocimiento a su labor, en 2021 la Unidad de Innovaci\u00f3n y Emprendimiento le otorg\u00f3 el Premio al Mejor Mentor en &hellip;<\/p>\n<p class=\"read-more\"> <a class=\"\" href=\"https:\/\/dinem.usach.cl\/index.php\/2022\/01\/21\/leonidas-diaz-integrante-red-de-mentores-quise-ser-mentor-porque-queria-compartir-mis-conocimientos-y-ayudar-a-emprendedores\/\"> <span class=\"screen-reader-text\">LEONIDAS D\u00cdAZ, INTEGRANTE RED DE MENTORES: \u201cQUISE SER MENTOR, PORQUE  QUER\u00cdA COMPARTIR MIS CONOCIMIENTOS Y AYUDAR A EMPRENDEDORES\u201d<\/span> Read More &raquo;<\/a><\/p>\n","protected":false},"author":1,"featured_media":3188,"comment_status":"closed","ping_status":"open","sticky":false,"template":"","format":"standard","meta":{"inline_featured_image":false,"site-sidebar-layout":"default","site-content-layout":"default","ast-site-content-layout":"","site-content-style":"default","site-sidebar-style":"default","ast-global-header-display":"","ast-banner-title-visibility":"","ast-main-header-display":"","ast-hfb-above-header-display":"","ast-hfb-below-header-display":"","ast-hfb-mobile-header-display":"","site-post-title":"","ast-breadcrumbs-content":"","ast-featured-img":"","footer-sml-layout":"","theme-transparent-header-meta":"default","adv-header-id-meta":"","stick-header-meta":"","header-above-stick-meta":"","header-main-stick-meta":"","header-below-stick-meta":"","astra-migrate-meta-layouts":"","ast-page-background-enabled":"default","ast-page-background-meta":{"desktop":{"background-color":"","background-image":"","background-repeat":"repeat","background-position":"center center","background-size":"auto","background-attachment":"scroll","background-type":"","background-media":"","overlay-type":"","overlay-color":"","overlay-gradient":""},"tablet":{"background-color":"","background-image":"","background-repeat":"repeat","background-position":"center center","background-size":"auto","background-attachment":"scroll","background-type":"","background-media":"","overlay-type":"","overlay-color":"","overlay-gradient":""},"mobile":{"background-color":"","background-image":"","background-repeat":"repeat","background-position":"center center","background-size":"auto","background-attachment":"scroll","background-type":"","background-media":"","overlay-type":"","overlay-color":"","overlay-gradient":""}},"ast-content-background-meta":{"desktop":{"background-color":"var(--ast-global-color-5)","background-image":"","background-repeat":"repeat","background-position":"center center","background-size":"auto","background-attachment":"scroll","background-type":"","background-media":"","overlay-type":"","overlay-color":"","overlay-gradient":""},"tablet":{"background-color":"var(--ast-global-color-5)","background-image":"","background-repeat":"repeat","background-position":"center center","background-size":"auto","background-attachment":"scroll","background-type":"","background-media":"","overlay-type":"","overlay-color":"","overlay-gradient":""},"mobile":{"background-color":"var(--ast-global-color-5)","background-image":"","background-repeat":"repeat","background-position":"center center","background-size":"auto","background-attachment":"scroll","background-type":"","background-media":"","overlay-type":"","overlay-color":"","overlay-gradient":""}},"footnotes":""},"categories":[1],"tags":[],"_links":{"self":[{"href":"https:\/\/dinem.usach.cl\/index.php\/wp-json\/wp\/v2\/posts\/3187"}],"collection":[{"href":"https:\/\/dinem.usach.cl\/index.php\/wp-json\/wp\/v2\/posts"}],"about":[{"href":"https:\/\/dinem.usach.cl\/index.php\/wp-json\/wp\/v2\/types\/post"}],"author":[{"embeddable":true,"href":"https:\/\/dinem.usach.cl\/index.php\/wp-json\/wp\/v2\/users\/1"}],"replies":[{"embeddable":true,"href":"https:\/\/dinem.usach.cl\/index.php\/wp-json\/wp\/v2\/comments?post=3187"}],"version-history":[{"count":4,"href":"https:\/\/dinem.usach.cl\/index.php\/wp-json\/wp\/v2\/posts\/3187\/revisions"}],"predecessor-version":[{"id":3192,"href":"https:\/\/dinem.usach.cl\/index.php\/wp-json\/wp\/v2\/posts\/3187\/revisions\/3192"}],"wp:featuredmedia":[{"embeddable":true,"href":"https:\/\/dinem.usach.cl\/index.php\/wp-json\/wp\/v2\/media\/3188"}],"wp:attachment":[{"href":"https:\/\/dinem.usach.cl\/index.php\/wp-json\/wp\/v2\/media?parent=3187"}],"wp:term":[{"taxonomy":"category","embeddable":true,"href":"https:\/\/dinem.usach.cl\/index.php\/wp-json\/wp\/v2\/categories?post=3187"},{"taxonomy":"post_tag","embeddable":true,"href":"https:\/\/dinem.usach.cl\/index.php\/wp-json\/wp\/v2\/tags?post=3187"}],"curies":[{"name":"wp","href":"https:\/\/api.w.org\/{rel}","templated":true}]}}