{"id":321,"date":"2021-09-29T15:38:18","date_gmt":"2021-09-29T18:38:18","guid":{"rendered":"http:\/\/158.170.66.230\/uie\/?p=321"},"modified":"2021-09-29T16:01:40","modified_gmt":"2021-09-29T19:01:40","slug":"estudiantes-emprendedores-recibieron-recomendaciones-para-desarrollar-una-correcta-postulacion-para-el-despega-usach-2021","status":"publish","type":"post","link":"https:\/\/dinem.usach.cl\/index.php\/2021\/09\/29\/estudiantes-emprendedores-recibieron-recomendaciones-para-desarrollar-una-correcta-postulacion-para-el-despega-usach-2021\/","title":{"rendered":"Estudiantes emprendedores recibieron recomendaciones para desarrollar una correcta postulaci\u00f3n para el Despega Usach 2021"},"content":{"rendered":"\t\t<div data-elementor-type=\"wp-post\" data-elementor-id=\"321\" class=\"elementor elementor-321\" data-elementor-post-type=\"post\">\n\t\t\t\t\t\t\t\t\t<section class=\"elementor-section elementor-top-section elementor-element elementor-element-1c092ea elementor-section-boxed elementor-section-height-default elementor-section-height-default\" data-id=\"1c092ea\" data-element_type=\"section\">\n\t\t\t\t\t\t<div class=\"elementor-container elementor-column-gap-default\">\n\t\t\t\t\t<div class=\"elementor-column elementor-col-100 elementor-top-column elementor-element elementor-element-1ef27f1\" data-id=\"1ef27f1\" data-element_type=\"column\">\n\t\t\t<div class=\"elementor-widget-wrap elementor-element-populated\">\n\t\t\t\t\t\t\t\t<section class=\"elementor-section elementor-inner-section elementor-element elementor-element-380c5e7 elementor-section-boxed elementor-section-height-default elementor-section-height-default\" data-id=\"380c5e7\" data-element_type=\"section\">\n\t\t\t\t\t\t<div class=\"elementor-container elementor-column-gap-default\">\n\t\t\t\t\t<div class=\"elementor-column elementor-col-50 elementor-inner-column elementor-element elementor-element-74aee0a\" data-id=\"74aee0a\" data-element_type=\"column\">\n\t\t\t<div class=\"elementor-widget-wrap elementor-element-populated\">\n\t\t\t\t\t\t\t\t<div class=\"elementor-element elementor-element-aadd3fc elementor-widget elementor-widget-text-editor\" data-id=\"aadd3fc\" data-element_type=\"widget\" data-widget_type=\"text-editor.default\">\n\t\t\t\t<div class=\"elementor-widget-container\">\n\t\t\t\t\t\t\t<p><!-- wp:heading {\"level\":3} --><\/p><p>A partir de las 10 de este viernes 13 de agosto, se realizar\u00e1 la segunda sesi\u00f3n de la actividad:\u00a0\u201cPensar el hacer historiogr\u00e1fico y la formaci\u00f3n profesional desde el g\u00e9nero\u201d, donde se abordar\u00e1n tem\u00e1ticas de g\u00e9nero, formaci\u00f3n y Universidad, organizadas por el Departamento de Historia de nuestra casa de estudios, en el marco de su Plan Operativo 2021.<\/p><p><!-- \/wp:image --><!-- wp:paragraph --><\/p><p><!-- \/wp:paragraph --><\/p>\t\t\t\t\t\t<\/div>\n\t\t\t\t<\/div>\n\t\t\t\t\t<\/div>\n\t\t<\/div>\n\t\t\t\t<div class=\"elementor-column elementor-col-50 elementor-inner-column elementor-element elementor-element-897ffca\" data-id=\"897ffca\" data-element_type=\"column\">\n\t\t\t<div class=\"elementor-widget-wrap elementor-element-populated\">\n\t\t\t\t\t\t\t\t<div class=\"elementor-element elementor-element-59f8e2f elementor-widget elementor-widget-text-editor\" data-id=\"59f8e2f\" data-element_type=\"widget\" data-widget_type=\"text-editor.default\">\n\t\t\t\t<div class=\"elementor-widget-container\">\n\t\t\t\t\t\t\t<p><!-- wp:heading {\"level\":3} --><\/p>\n<p><!-- \/wp:paragraph --><\/p>\n<p><!-- wp:paragraph --><\/p>\n<p>Las panelistas compartir\u00e1n sus experiencias en la creaci\u00f3n curricular de pre y postgrado y en la implementaci\u00f3n de pol\u00edticas institucionales desde el enfoque de g\u00e9nero. En esta oportunidad participan la acad\u00e9mica y Directora del Archivo Central Andr\u00e9s Bello de la Universidad de Chile, Dra. Alejandra Araya Espinoza, la acad\u00e9mica de la Facultad de Humanidades y Filosof\u00eda de la Universidad Austral de Chile, Dra. Karen Alfaro; y las directoras de la Direcci\u00f3n\u00a0 de Igualdad de G\u00e9nero de la Universidad de Chile, Carmen Andrade, y de la Direcci\u00f3n G\u00e9nero, Equidad y Diversidad Karin Baeza, de la Universidad de Santiago.<\/p>\n<p>Esta actividad forma parte de las acciones que ha dise\u00f1ado el Departamento de Historia para promover y cautelar una pol\u00edtica de g\u00e9nero acorde a los lineamientos de la Facultad y de la Universidad; es decir, acciones que aporten al desarrollo y consolidaci\u00f3n de una universidad democr\u00e1tica e inclusiva, se\u00f1alan las acad\u00e9micas a cargo de la actividad Dra. Mariana Labarca y Dra.\u00a9 Carla Rivera: \u201cA pesar de las buenas intenciones para ir avanzando en el tema, hay que considerar los obst\u00e1culos culturales que debemos enfrentar a diario, muchos de ellos anclados en el quehacer cotidiano, y que inciden en los procesos de transformaci\u00f3n de nuestras pr\u00e1cticas. De manera que es relevante realizar un trabajo sostenido sobre estas materias en el tiempo\u201d.<\/p>\n<p>Hace algunos d\u00edas atr\u00e1s se aprob\u00f3 en la c\u00e1mara la Ley de Acoso Sexual y Laboral de G\u00e9nero en la Educaci\u00f3n Superior que busca terminar con la vulneraci\u00f3n de igualdad y de no discriminaci\u00f3n al que se ven expuestas el estamento estudiantil, docente y administrativo. Sin embargo, las acad\u00e9micas se\u00f1alan, que, si bien la existencia de un marco legal es muy importante, no significa que va a eliminar autom\u00e1ticamente pr\u00e1cticas de g\u00e9nero instaladas hace siglos: \u201cEs un punto de inicio, entre otros que se vienen gestando desde hace tiempo, para avanzar en la prevenci\u00f3n y protecci\u00f3n de la comunidad universitaria, y en la erradicaci\u00f3n de cualquier tipo de violencia que se geste en su interior. Para que esto ocurra, debemos trabajar colectivamente, esa es la finalidad de este tipo de actividades\u201d, se\u00f1alaron.<\/p>\n<p>La actividad se realizar\u00e1 v\u00eda Zoom y ser\u00e1 transmitida por el Facebook Live del Departamento de Historia USACH.<\/p>\n<p>Datos de conexi\u00f3n Zoom:<\/p>\n<p>ID: 857 41411325<\/p>\n<p>Acceso: 471521<\/p>\n<p>Enlace de Facebook:<\/p>\n<figure class=\"wp-block-embed\">\n<div class=\"wp-block-embed__wrapper\">https:\/\/www.facebook.com\/deptohistoriausach<\/div>\n<\/figure>\n<p>_____________<\/p>\n<p><strong>Por:<\/strong><\/p>\n<p><strong>Andr\u00e9s Esp\u00f3sito<\/strong><\/p>\n<p><strong>Facultad de Humanidades Usach<\/strong><\/p>\n<p><strong>Nadia Politis<\/strong><\/p>\n<p><strong>Direcci\u00f3n de Investigaci\u00f3n Cient\u00edfica y Tecnol\u00f3gica (DICYT)<\/strong><\/p>\n<p><strong>Vicerrector\u00eda de Investigaci\u00f3n, Desarrollo e Innovaci\u00f3n (VRIDEI)<\/strong><\/p>\n<p><strong>Tags: Investigaci\u00f3n, docencia, g\u00e9nero, equidad.<\/strong><\/p>\n<p><!-- \/wp:paragraph --><\/p>\t\t\t\t\t\t<\/div>\n\t\t\t\t<\/div>\n\t\t\t\t\t<\/div>\n\t\t<\/div>\n\t\t\t\t\t\t\t<\/div>\n\t\t<\/section>\n\t\t\t\t\t<\/div>\n\t\t<\/div>\n\t\t\t\t\t\t\t<\/div>\n\t\t<\/section>\n\t\t\t\t\t\t\t<\/div>\n\t\t","protected":false},"excerpt":{"rendered":"<p>A partir de las 10 de este viernes 13 de agosto, se realizar\u00e1 la segunda sesi\u00f3n de la actividad:\u00a0\u201cPensar el hacer historiogr\u00e1fico y la formaci\u00f3n profesional desde el g\u00e9nero\u201d, donde se abordar\u00e1n tem\u00e1ticas de g\u00e9nero, formaci\u00f3n y Universidad, organizadas por el Departamento de Historia de nuestra casa de estudios, en el marco de su Plan &hellip;<\/p>\n<p class=\"read-more\"> <a class=\"\" href=\"https:\/\/dinem.usach.cl\/index.php\/2021\/09\/29\/estudiantes-emprendedores-recibieron-recomendaciones-para-desarrollar-una-correcta-postulacion-para-el-despega-usach-2021\/\"> <span class=\"screen-reader-text\">Estudiantes emprendedores recibieron recomendaciones para desarrollar una correcta postulaci\u00f3n para el Despega Usach 2021<\/span> Read More &raquo;<\/a><\/p>\n","protected":false},"author":1,"featured_media":322,"comment_status":"closed","ping_status":"closed","sticky":false,"template":"","format":"standard","meta":{"inline_featured_image":false,"site-sidebar-layout":"default","site-content-layout":"default","ast-site-content-layout":"","site-content-style":"default","site-sidebar-style":"default","ast-global-header-display":"","ast-banner-title-visibility":"","ast-main-header-display":"","ast-hfb-above-header-display":"","ast-hfb-below-header-display":"","ast-hfb-mobile-header-display":"","site-post-title":"","ast-breadcrumbs-content":"","ast-featured-img":"","footer-sml-layout":"","theme-transparent-header-meta":"default","adv-header-id-meta":"","stick-header-meta":"","header-above-stick-meta":"","header-main-stick-meta":"","header-below-stick-meta":"","astra-migrate-meta-layouts":"","ast-page-background-enabled":"default","ast-page-background-meta":{"desktop":{"background-color":"","background-image":"","background-repeat":"repeat","background-position":"center center","background-size":"auto","background-attachment":"scroll","background-type":"","background-media":"","overlay-type":"","overlay-color":"","overlay-gradient":""},"tablet":{"background-color":"","background-image":"","background-repeat":"repeat","background-position":"center center","background-size":"auto","background-attachment":"scroll","background-type":"","background-media":"","overlay-type":"","overlay-color":"","overlay-gradient":""},"mobile":{"background-color":"","background-image":"","background-repeat":"repeat","background-position":"center center","background-size":"auto","background-attachment":"scroll","background-type":"","background-media":"","overlay-type":"","overlay-color":"","overlay-gradient":""}},"ast-content-background-meta":{"desktop":{"background-color":"var(--ast-global-color-5)","background-image":"","background-repeat":"repeat","background-position":"center center","background-size":"auto","background-attachment":"scroll","background-type":"","background-media":"","overlay-type":"","overlay-color":"","overlay-gradient":""},"tablet":{"background-color":"var(--ast-global-color-5)","background-image":"","background-repeat":"repeat","background-position":"center center","background-size":"auto","background-attachment":"scroll","background-type":"","background-media":"","overlay-type":"","overlay-color":"","overlay-gradient":""},"mobile":{"background-color":"var(--ast-global-color-5)","background-image":"","background-repeat":"repeat","background-position":"center center","background-size":"auto","background-attachment":"scroll","background-type":"","background-media":"","overlay-type":"","overlay-color":"","overlay-gradient":""}},"footnotes":""},"categories":[1],"tags":[],"_links":{"self":[{"href":"https:\/\/dinem.usach.cl\/index.php\/wp-json\/wp\/v2\/posts\/321"}],"collection":[{"href":"https:\/\/dinem.usach.cl\/index.php\/wp-json\/wp\/v2\/posts"}],"about":[{"href":"https:\/\/dinem.usach.cl\/index.php\/wp-json\/wp\/v2\/types\/post"}],"author":[{"embeddable":true,"href":"https:\/\/dinem.usach.cl\/index.php\/wp-json\/wp\/v2\/users\/1"}],"replies":[{"embeddable":true,"href":"https:\/\/dinem.usach.cl\/index.php\/wp-json\/wp\/v2\/comments?post=321"}],"version-history":[{"count":13,"href":"https:\/\/dinem.usach.cl\/index.php\/wp-json\/wp\/v2\/posts\/321\/revisions"}],"predecessor-version":[{"id":366,"href":"https:\/\/dinem.usach.cl\/index.php\/wp-json\/wp\/v2\/posts\/321\/revisions\/366"}],"wp:featuredmedia":[{"embeddable":true,"href":"https:\/\/dinem.usach.cl\/index.php\/wp-json\/wp\/v2\/media\/322"}],"wp:attachment":[{"href":"https:\/\/dinem.usach.cl\/index.php\/wp-json\/wp\/v2\/media?parent=321"}],"wp:term":[{"taxonomy":"category","embeddable":true,"href":"https:\/\/dinem.usach.cl\/index.php\/wp-json\/wp\/v2\/categories?post=321"},{"taxonomy":"post_tag","embeddable":true,"href":"https:\/\/dinem.usach.cl\/index.php\/wp-json\/wp\/v2\/tags?post=321"}],"curies":[{"name":"wp","href":"https:\/\/api.w.org\/{rel}","templated":true}]}}