{"id":3594,"date":"2022-05-20T12:12:59","date_gmt":"2022-05-20T15:12:59","guid":{"rendered":"https:\/\/uie.usach.cl\/?p=3594"},"modified":"2022-05-20T12:20:05","modified_gmt":"2022-05-20T15:20:05","slug":"uie-y-municipalidad-de-providencia-exploran-instancias-de-colaboracion-para-fomentar-los-emprendimientos-innovadores","status":"publish","type":"post","link":"https:\/\/dinem.usach.cl\/index.php\/2022\/05\/20\/uie-y-municipalidad-de-providencia-exploran-instancias-de-colaboracion-para-fomentar-los-emprendimientos-innovadores\/","title":{"rendered":"UIE y Municipalidad de Providencia exploran instancias de colaboraci\u00f3n para fomentar los emprendimientos innovadores"},"content":{"rendered":"\t\t<div data-elementor-type=\"wp-post\" data-elementor-id=\"3594\" class=\"elementor elementor-3594\" data-elementor-post-type=\"post\">\n\t\t\t\t\t\t\t\t\t<section class=\"elementor-section elementor-top-section elementor-element elementor-element-7a9994ea elementor-section-boxed elementor-section-height-default elementor-section-height-default\" data-id=\"7a9994ea\" data-element_type=\"section\">\n\t\t\t\t\t\t<div class=\"elementor-container elementor-column-gap-default\">\n\t\t\t\t\t<div class=\"elementor-column elementor-col-100 elementor-top-column elementor-element elementor-element-38a4c1e7\" data-id=\"38a4c1e7\" data-element_type=\"column\">\n\t\t\t<div class=\"elementor-widget-wrap elementor-element-populated\">\n\t\t\t\t\t\t\t\t<section class=\"elementor-section elementor-inner-section elementor-element elementor-element-5f596409 elementor-section-boxed elementor-section-height-default elementor-section-height-default\" data-id=\"5f596409\" data-element_type=\"section\">\n\t\t\t\t\t\t<div class=\"elementor-container elementor-column-gap-default\">\n\t\t\t\t\t<div class=\"elementor-column elementor-col-50 elementor-inner-column elementor-element elementor-element-1a8e168d\" data-id=\"1a8e168d\" data-element_type=\"column\">\n\t\t\t<div class=\"elementor-widget-wrap elementor-element-populated\">\n\t\t\t\t\t\t\t\t<div class=\"elementor-element elementor-element-33707aaf elementor-widget elementor-widget-text-editor\" data-id=\"33707aaf\" data-element_type=\"widget\" data-widget_type=\"text-editor.default\">\n\t\t\t\t<div class=\"elementor-widget-container\">\n\t\t\t\t\t\t\t<p><b>A trav\u00e9s de un encuentro, donde participaron sus respectivos equipos de trabajo, se abord\u00f3 la posibilidad de generar una alianza que les permita potenciar actividades conjuntas y apoyar la difusi\u00f3n de informaciones y convocatorias, entre otros. Asimismo, se planific\u00f3 una jornada de demoday con emprendedoras\/es Usach para que presenten sus proyectos en Hub Providencia.<\/b><\/p>\t\t\t\t\t\t<\/div>\n\t\t\t\t<\/div>\n\t\t\t\t\t<\/div>\n\t\t<\/div>\n\t\t\t\t<div class=\"elementor-column elementor-col-50 elementor-inner-column elementor-element elementor-element-69259b05\" data-id=\"69259b05\" data-element_type=\"column\">\n\t\t\t<div class=\"elementor-widget-wrap elementor-element-populated\">\n\t\t\t\t\t\t\t\t<div class=\"elementor-element elementor-element-43d02bbc elementor-widget elementor-widget-text-editor\" data-id=\"43d02bbc\" data-element_type=\"widget\" data-widget_type=\"text-editor.default\">\n\t\t\t\t<div class=\"elementor-widget-container\">\n\t\t\t\t\t\t\t<p><span style=\"font-weight: 400;\">Con la finalidad de poder explorar distintas formas de colaboraci\u00f3n y entregar apoyo a\u00a0 quienes emprenden, se realiz\u00f3 una reuni\u00f3n entre los equipos profesionales de nuestra <\/span><a href=\"https:\/\/uie.usach.cl\/\" target=\"_blank\" rel=\"noopener\"><span style=\"font-weight: 400;\">Unidad de Innovaci\u00f3n y Emprendimiento<\/span><\/a><span style=\"font-weight: 400;\"> (UIE) de la Universidad de Santiago (Usach), y <\/span><a href=\"http:\/\/hubprovidencia.cl\/web\/\" target=\"_blank\" rel=\"noopener\"><span style=\"font-weight: 400;\">Hub Providencia<\/span><\/a><span style=\"font-weight: 400;\">, perteneciente a esta Municipalidad.<\/span><\/p><p><span style=\"font-weight: 400;\">En la instancia participaron <strong>Benjam\u00edn Carrasco<\/strong>, coordinador de Ecosistema de la <\/span><a href=\"http:\/\/www.innovo.cl\" target=\"_blank\" rel=\"noopener\"><span style=\"font-weight: 400;\">Incubadora de Negocios INNOVO<\/span><\/a><span style=\"font-weight: 400;\"> de la UIE; <strong>Camila Guzm\u00e1n<\/strong>, jefa (s) del Departamento de Innovaci\u00f3n de la <\/span><a href=\"https:\/\/providencia.cl\/provi\/site\/edic\/base\/port\/inicio.html\" target=\"_blank\" rel=\"noopener\"><span style=\"font-weight: 400;\">Municipalidad de Providencia<\/span><\/a><span style=\"font-weight: 400;\">\u00a0 y <strong>Alejandra Neira<\/strong>, coordinadora del Laboratorio de Gobierno Local de Hub Providencia.<\/span><\/p><p><span style=\"font-weight: 400;\">El encuentro sirvi\u00f3 para visibilizar las posibilidades de potenciar actividades conjuntas como charlas, talleres y eventos que se puedan efectuar en dicho espacio, ayudar a difundir\u00a0 entre la comunidad usachina y vecinas\/os de Providencia informaciones y convocatorias que surjan desde Hub Providencia o de la UIE, y efectuar un <\/span><i><span style=\"font-weight: 400;\">demoday<\/span><\/i><span style=\"font-weight: 400;\"> con emprendedoras\/es Usach para que den a conocer sus proyectos ante los ejecutivas\/os de Hub, entre otras acciones.<\/span><\/p><p><span style=\"font-weight: 400;\">Al respecto, <strong>Camila Guzm\u00e1n<\/strong> expres\u00f3 que les interesa \u201cgenerar vinculaci\u00f3n con proyectos que puedan impactar a la ciudadan\u00eda\u201d, en \u00e1reas como la\u00a0 electromovilidad, eficiencia h\u00eddrica y tecnolog\u00eda 4.0, entre otros m\u00e1s. Tambi\u00e9n destac\u00f3 que la idea es que las iniciativas tengan la posibilidad de pilotar en la comuna.<\/span><\/p><p><span style=\"font-weight: 400;\">Sobre esto \u00faltimo, cabe destacar que Hub Providencia cuenta con un \u201cespacio especialmente acondicionado para desarrollar innovaci\u00f3n abierta, p\u00fablica y social\u201d, donde las y los emprendedores pueden acceder a diversos laboratorios de prototipado, salas de reuniones, cowork, una zona para capacitaciones y una sala\u00a0 para exposici\u00f3n y actividades culturales.<\/span><\/p><p><span style=\"font-weight: 400;\">En esa l\u00ednea, <strong>Benjam\u00edn Carrasco<\/strong> se\u00f1al\u00f3 que de llegar a un acuerdo de colaboraci\u00f3n, ser\u00eda\u00a0 \u201cmuy provechoso para ambas partes, porque nos permite seguir fomentando la innovaci\u00f3n y el emprendimiento, ampliar nuestro apoyo a quienes se inician o ya est\u00e1n\u00a0 desarrollando un\u00a0 proyecto de negocio como pueden ser estudiantes de pre y postgrado, investigadores\/as y acad\u00e9micas\/os de la Usach. Tambi\u00e9n, poder\u00a0 impactar\u00a0 social y positivamente a un sector de la poblaci\u00f3n, mejorando su calidad de vida\u201d<\/span><\/p><p><span style=\"font-weight: 400;\">Por \u00faltimo, para los pr\u00f3ximos d\u00edas se planifica realizar en el edificio del Hub, una ronda de presentaciones de proyectos que se encuentran preincubados e incubados en la Usach, adem\u00e1s de\u00a0 la realizaci\u00f3n de nuevas reuniones para seguir afianzando los lazos entre nuestra universidad y el municipio.<\/span><\/p><p><b>Texto:<\/b><span style=\"font-weight: 400;\"> Paola Armijo<\/span><\/p><p><b>Fotograf\u00edas: <\/b><span style=\"font-weight: 400;\">Paola Armijo.<\/span><\/p><p><b>Tags<\/b><span style=\"font-weight: 400;\">: INNOVO<\/span><\/p><p><span style=\"font-weight: 400;\">Unidad de Innovaci\u00f3n y Emprendimiento\u00a0<\/span><\/p><p><span style=\"font-weight: 400;\">Vicerrector\u00eda de Investigaci\u00f3n, Desarrollo e Innovaci\u00f3n<\/span><\/p>\t\t\t\t\t\t<\/div>\n\t\t\t\t<\/div>\n\t\t\t\t\t<\/div>\n\t\t<\/div>\n\t\t\t\t\t\t\t<\/div>\n\t\t<\/section>\n\t\t\t\t\t<\/div>\n\t\t<\/div>\n\t\t\t\t\t\t\t<\/div>\n\t\t<\/section>\n\t\t\t\t\t\t\t<\/div>\n\t\t","protected":false},"excerpt":{"rendered":"<p>A trav\u00e9s de un encuentro, donde participaron sus respectivos equipos de trabajo, se abord\u00f3 la posibilidad de generar una alianza que les permita potenciar actividades conjuntas y apoyar la difusi\u00f3n de informaciones y convocatorias, entre otros. Asimismo, se planific\u00f3 una jornada de demoday con emprendedoras\/es Usach para que presenten sus proyectos en Hub Providencia. Con &hellip;<\/p>\n<p class=\"read-more\"> <a class=\"\" href=\"https:\/\/dinem.usach.cl\/index.php\/2022\/05\/20\/uie-y-municipalidad-de-providencia-exploran-instancias-de-colaboracion-para-fomentar-los-emprendimientos-innovadores\/\"> <span class=\"screen-reader-text\">UIE y Municipalidad de Providencia exploran instancias de colaboraci\u00f3n para fomentar los emprendimientos innovadores<\/span> Read More &raquo;<\/a><\/p>\n","protected":false},"author":1,"featured_media":3595,"comment_status":"closed","ping_status":"closed","sticky":false,"template":"","format":"standard","meta":{"inline_featured_image":false,"site-sidebar-layout":"default","site-content-layout":"default","ast-site-content-layout":"","site-content-style":"default","site-sidebar-style":"default","ast-global-header-display":"","ast-banner-title-visibility":"","ast-main-header-display":"","ast-hfb-above-header-display":"","ast-hfb-below-header-display":"","ast-hfb-mobile-header-display":"","site-post-title":"","ast-breadcrumbs-content":"","ast-featured-img":"","footer-sml-layout":"","theme-transparent-header-meta":"default","adv-header-id-meta":"","stick-header-meta":"","header-above-stick-meta":"","header-main-stick-meta":"","header-below-stick-meta":"","astra-migrate-meta-layouts":"","ast-page-background-enabled":"default","ast-page-background-meta":{"desktop":{"background-color":"","background-image":"","background-repeat":"repeat","background-position":"center center","background-size":"auto","background-attachment":"scroll","background-type":"","background-media":"","overlay-type":"","overlay-color":"","overlay-gradient":""},"tablet":{"background-color":"","background-image":"","background-repeat":"repeat","background-position":"center center","background-size":"auto","background-attachment":"scroll","background-type":"","background-media":"","overlay-type":"","overlay-color":"","overlay-gradient":""},"mobile":{"background-color":"","background-image":"","background-repeat":"repeat","background-position":"center center","background-size":"auto","background-attachment":"scroll","background-type":"","background-media":"","overlay-type":"","overlay-color":"","overlay-gradient":""}},"ast-content-background-meta":{"desktop":{"background-color":"var(--ast-global-color-5)","background-image":"","background-repeat":"repeat","background-position":"center center","background-size":"auto","background-attachment":"scroll","background-type":"","background-media":"","overlay-type":"","overlay-color":"","overlay-gradient":""},"tablet":{"background-color":"var(--ast-global-color-5)","background-image":"","background-repeat":"repeat","background-position":"center center","background-size":"auto","background-attachment":"scroll","background-type":"","background-media":"","overlay-type":"","overlay-color":"","overlay-gradient":""},"mobile":{"background-color":"var(--ast-global-color-5)","background-image":"","background-repeat":"repeat","background-position":"center center","background-size":"auto","background-attachment":"scroll","background-type":"","background-media":"","overlay-type":"","overlay-color":"","overlay-gradient":""}},"footnotes":""},"categories":[1],"tags":[15,14,44],"_links":{"self":[{"href":"https:\/\/dinem.usach.cl\/index.php\/wp-json\/wp\/v2\/posts\/3594"}],"collection":[{"href":"https:\/\/dinem.usach.cl\/index.php\/wp-json\/wp\/v2\/posts"}],"about":[{"href":"https:\/\/dinem.usach.cl\/index.php\/wp-json\/wp\/v2\/types\/post"}],"author":[{"embeddable":true,"href":"https:\/\/dinem.usach.cl\/index.php\/wp-json\/wp\/v2\/users\/1"}],"replies":[{"embeddable":true,"href":"https:\/\/dinem.usach.cl\/index.php\/wp-json\/wp\/v2\/comments?post=3594"}],"version-history":[{"count":8,"href":"https:\/\/dinem.usach.cl\/index.php\/wp-json\/wp\/v2\/posts\/3594\/revisions"}],"predecessor-version":[{"id":3603,"href":"https:\/\/dinem.usach.cl\/index.php\/wp-json\/wp\/v2\/posts\/3594\/revisions\/3603"}],"wp:featuredmedia":[{"embeddable":true,"href":"https:\/\/dinem.usach.cl\/index.php\/wp-json\/wp\/v2\/media\/3595"}],"wp:attachment":[{"href":"https:\/\/dinem.usach.cl\/index.php\/wp-json\/wp\/v2\/media?parent=3594"}],"wp:term":[{"taxonomy":"category","embeddable":true,"href":"https:\/\/dinem.usach.cl\/index.php\/wp-json\/wp\/v2\/categories?post=3594"},{"taxonomy":"post_tag","embeddable":true,"href":"https:\/\/dinem.usach.cl\/index.php\/wp-json\/wp\/v2\/tags?post=3594"}],"curies":[{"name":"wp","href":"https:\/\/api.w.org\/{rel}","templated":true}]}}