{"id":3692,"date":"2022-07-12T16:38:32","date_gmt":"2022-07-12T19:38:32","guid":{"rendered":"https:\/\/uie.usach.cl\/?p=3692"},"modified":"2022-07-12T16:42:25","modified_gmt":"2022-07-12T19:42:25","slug":"programa-exponencial-apoya-a-investigadoras-es-en-la-creacion-de-un-roadmap-que-acerque-sus-proyectos-al-mercado","status":"publish","type":"post","link":"https:\/\/dinem.usach.cl\/index.php\/2022\/07\/12\/programa-exponencial-apoya-a-investigadoras-es-en-la-creacion-de-un-roadmap-que-acerque-sus-proyectos-al-mercado\/","title":{"rendered":"Programa Exponencial apoya a investigadoras\/es en la creaci\u00f3n de un roadmap que acerque sus proyectos al mercado"},"content":{"rendered":"\t\t<div data-elementor-type=\"wp-post\" data-elementor-id=\"3692\" class=\"elementor elementor-3692\" data-elementor-post-type=\"post\">\n\t\t\t\t\t\t\t\t\t<section class=\"elementor-section elementor-top-section elementor-element elementor-element-fe3ca4a elementor-section-boxed elementor-section-height-default elementor-section-height-default\" data-id=\"fe3ca4a\" data-element_type=\"section\">\n\t\t\t\t\t\t<div class=\"elementor-container elementor-column-gap-default\">\n\t\t\t\t\t<div class=\"elementor-column elementor-col-100 elementor-top-column elementor-element elementor-element-58cfc4ac\" data-id=\"58cfc4ac\" data-element_type=\"column\">\n\t\t\t<div class=\"elementor-widget-wrap elementor-element-populated\">\n\t\t\t\t\t\t\t\t<section class=\"elementor-section elementor-inner-section elementor-element elementor-element-21bcee7f elementor-section-boxed elementor-section-height-default elementor-section-height-default\" data-id=\"21bcee7f\" data-element_type=\"section\">\n\t\t\t\t\t\t<div class=\"elementor-container elementor-column-gap-default\">\n\t\t\t\t\t<div class=\"elementor-column elementor-col-50 elementor-inner-column elementor-element elementor-element-13ed1c7f\" data-id=\"13ed1c7f\" data-element_type=\"column\">\n\t\t\t<div class=\"elementor-widget-wrap elementor-element-populated\">\n\t\t\t\t\t\t\t\t<div class=\"elementor-element elementor-element-1a406d00 elementor-widget elementor-widget-text-editor\" data-id=\"1a406d00\" data-element_type=\"widget\" data-widget_type=\"text-editor.default\">\n\t\t\t\t<div class=\"elementor-widget-container\">\n\t\t\t\t\t\t\t<p><!-- wp:heading {\"level\":3} --><\/p><div data-id=\"3e61497\" data-element_type=\"column\"><div data-id=\"c6699c2\" data-element_type=\"widget\" data-widget_type=\"text-editor.default\"><p><b>Los equipos de investigaci\u00f3n ya se encuentran en etapa de Co-creaci\u00f3n, donde son apoyados por la Unidad de Innovaci\u00f3n y Emprendimiento para elaborar una hoja de ruta que les ayude a determinar los hitos y actividades que debe enfrentar el proyecto para llegar al mercado. Asimismo, participan en un ciclo de capacitaciones dictadas por especialistas del ecosistema de I+D+i+e local, que se extender\u00e1 hasta noviembre.<\/b><\/p><p>\u00a0<\/p><\/div><\/div><p><!-- \/wp:image --><!-- wp:paragraph --><\/p><p><!-- \/wp:paragraph --><\/p>\t\t\t\t\t\t<\/div>\n\t\t\t\t<\/div>\n\t\t\t\t\t<\/div>\n\t\t<\/div>\n\t\t\t\t<div class=\"elementor-column elementor-col-50 elementor-inner-column elementor-element elementor-element-6918f304\" data-id=\"6918f304\" data-element_type=\"column\">\n\t\t\t<div class=\"elementor-widget-wrap elementor-element-populated\">\n\t\t\t\t\t\t\t\t<div class=\"elementor-element elementor-element-7a5a0edf elementor-widget elementor-widget-text-editor\" data-id=\"7a5a0edf\" data-element_type=\"widget\" data-widget_type=\"text-editor.default\">\n\t\t\t\t<div class=\"elementor-widget-container\">\n\t\t\t\t\t\t\t<p><span style=\"font-weight: 400;\">Un nuevo paso est\u00e1n dando los <strong>17 equipos de investigaci\u00f3n<\/strong> que son acompa\u00f1ados desde el <a href=\"https:\/\/uie.usach.cl\/index.php\/2021\/11\/03\/exponencial\/\" target=\"_blank\" rel=\"noopener\">Programa Exponencial<\/a>, para crear una empresa de base cient\u00edfica y tecnol\u00f3gica (EBCT), basada en la tecnolog\u00eda Usach que cada uno desarrolla.<\/span><\/p><p><span style=\"font-weight: 400;\">Se trata de la ejecuci\u00f3n de la segunda etapa, denominada <strong>Co-creaci\u00f3n<\/strong>, la cual se inici\u00f3 recientemente y culminar\u00e1 en noviembre de 2022. Durante dicho periodo, el equipo de la <a href=\"http:\/\/uie.usach.cl\" target=\"_blank\" rel=\"noopener\">Unidad de Innovaci\u00f3n y Emprendimiento<\/a> (UIE) apoyar\u00e1 a los grupos en la <strong>elaboraci\u00f3n de un roadmap<\/strong> que les permita determinar los hitos y actividades que deber\u00e1n enfrentar para acercarse al mercado.\u00a0<\/span><\/p><p><span style=\"font-weight: 400;\">Cabe recordar que, previo a esa instancia, se desarroll\u00f3 la fase de Exploraci\u00f3n, donde el foco del Programa fue reconocer c\u00f3mo los resultados de investigaci\u00f3n de cada grupo pod\u00eda llegar a transformarse en un proyecto de emprendimiento cient\u00edfico tecnol\u00f3gico.\u00a0<\/span><\/p><p><span style=\"font-weight: 400;\">En la pr\u00e1ctica, ello signific\u00f3 realizar \u201centrevistas en profundidad a las y los investigadores con el objetivo de levantar informaci\u00f3n clave para generar un one pager y una presentaci\u00f3n de negocios para cada equipo. De esta manera, ambos productos son muy importantes para comunicar de forma efectiva la propuesta ante actores del mercado\u201d, se\u00f1ala <strong>Leonidas Ibarra<\/strong>, jefe de la UIE.<\/span><\/p><h6><b>Cocreando una hoja de ruta para llegar al\u00a0 mercado<\/b><\/h6><p><span style=\"font-weight: 400;\">Tras la Exploraci\u00f3n, lo que viene ahora es la aplicaci\u00f3n del instrumento de diagn\u00f3stico en profundidad, donde la UIE, a trav\u00e9s de la <a href=\"http:\/\/innovo.cl\" target=\"_blank\" rel=\"noopener\">Incubadora de Negocios INNOVO<\/a>, realizar\u00e1 el an\u00e1lisis y recolecci\u00f3n de antecedentes de cada proyecto en \u00e1reas como el mercado, tecnolog\u00eda y financiamiento, entre otros m\u00e1s.\u00a0<\/span><\/p><p><span style=\"font-weight: 400;\">\u201cA trav\u00e9s de este trabajo y de otras intervenciones, apoyaremos a los equipos en la elaboraci\u00f3n y consolidaci\u00f3n de un roadmap para llegar al mercado\u201d, explica<strong> Diego San Mart\u00edn<\/strong>, coordinador de Programas de la UIE. Adem\u00e1s, agrega que \u201cen estos meses, los acompa\u00f1aremos junto a un grupo de expertos y expertas en modelos de negocios, propiedad intelectual, integraci\u00f3n de equipo y vinculaci\u00f3n con la industria para que los equipos recorran su ruta exponencial\u201d.<\/span><\/p><p><span style=\"font-weight: 400;\">Para conseguir estos prop\u00f3sitos, ya comenz\u00f3 un completo ciclo de capacitaciones mensuales a cargo de destacadas y destacados especialistas <\/span><span style=\"font-weight: 400;\">del ecosistema de I+D+i+e local, con experiencia en el levantamiento de EBCT y spin off universitarios.<\/span><\/p><p><span style=\"font-weight: 400;\">La primera de las charlas se dict\u00f3 a fines de junio, donde se abord\u00f3 el tema \u201cDefiniciones jur\u00eddicas para levantar EBCT (estrategias de PI Y TT)\u201d. En tanto, <\/span><span style=\"font-weight: 400;\">para julio se program\u00f3\u00a0 el taller \u201cIP &amp; Market Assessment para evaluaci\u00f3n de activos intelectuales\u201d; en agosto \u201cModelos de negocio: dise\u00f1o y validaci\u00f3n\u201d; en septiembre \u201cFrom lab to market: vinculaci\u00f3n con la industria\u201d; en octubre \u201cFinanciamiento: Venture Capital e inversi\u00f3n en EBCT\u201d y finalmente, en noviembre \u201cExponer es exponencial: power pitch\u201d.<\/span><\/p><p><span style=\"font-weight: 400;\">Una vez finalizada la Co-creaci\u00f3n, vendr\u00e1 la \u00faltima fase del programa: Ruta Exponencial. En esta se ejecutar\u00e1n las acciones comprometidas en la hoja de ruta para\u00a0 lograr la validaci\u00f3n del mercado, mediante una estrategia, la validaci\u00f3n y la promoci\u00f3n de cada proyecto.\u00a0<\/span><\/p><p><span style=\"font-weight: 400;\">De esa manera, lo que se busca es ayudar a que\u00a0 las y los emprendedores \u201cse acerquen al ecosistema, realizar postulaciones a las fuentes de financiamiento y conectarlos con instancias que les permitan crecer de manera exponencial\u201d, precisa <strong>San Mart\u00edn<\/strong>.<\/span><\/p><p><span style=\"font-weight: 400;\">El Programa Exponencial es apoyado por la ANID, a trav\u00e9s del proyecto INES I+D adjudicado por la Universidad durante el a\u00f1o pasado.<\/span><\/p><p><span style=\"font-weight: 400;\">M\u00e1s informaci\u00f3n, la puede revisar en la\u00a0 <\/span><a href=\"https:\/\/uie.usach.cl\/index.php\/exponencial-usach\/\" target=\"_blank\" rel=\"noopener\"><span style=\"font-weight: 400;\">p\u00e1gina web\u00a0 de Exponencial<\/span><\/a><span style=\"font-weight: 400;\">\u00a0 y redes sociales de la VRIDEI.\u00a0<\/span><\/p><p><b>Texto:<\/b><span style=\"font-weight: 400;\"> Paola Armijo<\/span><\/p><p><b>Fotograf\u00eda: <\/b><span style=\"font-weight: 400;\">\u00a0<\/span><span style=\"font-weight: 400;\">Exponencial<\/span><\/p><p><b>Tags<\/b><span style=\"font-weight: 400;\">: <\/span><span style=\"font-weight: 400;\">Exponencial<\/span><\/p><p><span style=\"font-weight: 400;\">Unidad de Innovaci\u00f3n y Emprendimiento\u00a0<\/span><\/p><p><span style=\"font-weight: 400;\">Vicerrector\u00eda de Investigaci\u00f3n, Desarrollo e Innovaci\u00f3n<\/span><\/p>\t\t\t\t\t\t<\/div>\n\t\t\t\t<\/div>\n\t\t\t\t\t<\/div>\n\t\t<\/div>\n\t\t\t\t\t\t\t<\/div>\n\t\t<\/section>\n\t\t\t\t\t<\/div>\n\t\t<\/div>\n\t\t\t\t\t\t\t<\/div>\n\t\t<\/section>\n\t\t\t\t\t\t\t<\/div>\n\t\t","protected":false},"excerpt":{"rendered":"<p>Los equipos de investigaci\u00f3n ya se encuentran en etapa de Co-creaci\u00f3n, donde son apoyados por la Unidad de Innovaci\u00f3n y Emprendimiento para elaborar una hoja de ruta que les ayude a determinar los hitos y actividades que debe enfrentar el proyecto para llegar al mercado. Asimismo, participan en un ciclo de capacitaciones dictadas por especialistas &hellip;<\/p>\n<p class=\"read-more\"> <a class=\"\" href=\"https:\/\/dinem.usach.cl\/index.php\/2022\/07\/12\/programa-exponencial-apoya-a-investigadoras-es-en-la-creacion-de-un-roadmap-que-acerque-sus-proyectos-al-mercado\/\"> <span class=\"screen-reader-text\">Programa Exponencial apoya a investigadoras\/es en la creaci\u00f3n de un roadmap que acerque sus proyectos al mercado<\/span> Read More &raquo;<\/a><\/p>\n","protected":false},"author":1,"featured_media":3693,"comment_status":"closed","ping_status":"closed","sticky":false,"template":"","format":"standard","meta":{"inline_featured_image":false,"site-sidebar-layout":"default","site-content-layout":"default","ast-site-content-layout":"","site-content-style":"default","site-sidebar-style":"default","ast-global-header-display":"","ast-banner-title-visibility":"","ast-main-header-display":"","ast-hfb-above-header-display":"","ast-hfb-below-header-display":"","ast-hfb-mobile-header-display":"","site-post-title":"","ast-breadcrumbs-content":"","ast-featured-img":"","footer-sml-layout":"","theme-transparent-header-meta":"default","adv-header-id-meta":"","stick-header-meta":"","header-above-stick-meta":"","header-main-stick-meta":"","header-below-stick-meta":"","astra-migrate-meta-layouts":"","ast-page-background-enabled":"default","ast-page-background-meta":{"desktop":{"background-color":"","background-image":"","background-repeat":"repeat","background-position":"center center","background-size":"auto","background-attachment":"scroll","background-type":"","background-media":"","overlay-type":"","overlay-color":"","overlay-gradient":""},"tablet":{"background-color":"","background-image":"","background-repeat":"repeat","background-position":"center center","background-size":"auto","background-attachment":"scroll","background-type":"","background-media":"","overlay-type":"","overlay-color":"","overlay-gradient":""},"mobile":{"background-color":"","background-image":"","background-repeat":"repeat","background-position":"center center","background-size":"auto","background-attachment":"scroll","background-type":"","background-media":"","overlay-type":"","overlay-color":"","overlay-gradient":""}},"ast-content-background-meta":{"desktop":{"background-color":"var(--ast-global-color-5)","background-image":"","background-repeat":"repeat","background-position":"center center","background-size":"auto","background-attachment":"scroll","background-type":"","background-media":"","overlay-type":"","overlay-color":"","overlay-gradient":""},"tablet":{"background-color":"var(--ast-global-color-5)","background-image":"","background-repeat":"repeat","background-position":"center center","background-size":"auto","background-attachment":"scroll","background-type":"","background-media":"","overlay-type":"","overlay-color":"","overlay-gradient":""},"mobile":{"background-color":"var(--ast-global-color-5)","background-image":"","background-repeat":"repeat","background-position":"center center","background-size":"auto","background-attachment":"scroll","background-type":"","background-media":"","overlay-type":"","overlay-color":"","overlay-gradient":""}},"footnotes":""},"categories":[1],"tags":[51,53,52],"_links":{"self":[{"href":"https:\/\/dinem.usach.cl\/index.php\/wp-json\/wp\/v2\/posts\/3692"}],"collection":[{"href":"https:\/\/dinem.usach.cl\/index.php\/wp-json\/wp\/v2\/posts"}],"about":[{"href":"https:\/\/dinem.usach.cl\/index.php\/wp-json\/wp\/v2\/types\/post"}],"author":[{"embeddable":true,"href":"https:\/\/dinem.usach.cl\/index.php\/wp-json\/wp\/v2\/users\/1"}],"replies":[{"embeddable":true,"href":"https:\/\/dinem.usach.cl\/index.php\/wp-json\/wp\/v2\/comments?post=3692"}],"version-history":[{"count":5,"href":"https:\/\/dinem.usach.cl\/index.php\/wp-json\/wp\/v2\/posts\/3692\/revisions"}],"predecessor-version":[{"id":3698,"href":"https:\/\/dinem.usach.cl\/index.php\/wp-json\/wp\/v2\/posts\/3692\/revisions\/3698"}],"wp:featuredmedia":[{"embeddable":true,"href":"https:\/\/dinem.usach.cl\/index.php\/wp-json\/wp\/v2\/media\/3693"}],"wp:attachment":[{"href":"https:\/\/dinem.usach.cl\/index.php\/wp-json\/wp\/v2\/media?parent=3692"}],"wp:term":[{"taxonomy":"category","embeddable":true,"href":"https:\/\/dinem.usach.cl\/index.php\/wp-json\/wp\/v2\/categories?post=3692"},{"taxonomy":"post_tag","embeddable":true,"href":"https:\/\/dinem.usach.cl\/index.php\/wp-json\/wp\/v2\/tags?post=3692"}],"curies":[{"name":"wp","href":"https:\/\/api.w.org\/{rel}","templated":true}]}}