{"id":3754,"date":"2022-08-18T11:57:34","date_gmt":"2022-08-18T14:57:34","guid":{"rendered":"https:\/\/uie.usach.cl\/?p=3754"},"modified":"2022-08-18T12:00:00","modified_gmt":"2022-08-18T15:00:00","slug":"uie-capacita-a-emprendedores-en-estrategias-de-branding-y-comunicacion-digital","status":"publish","type":"post","link":"https:\/\/dinem.usach.cl\/index.php\/2022\/08\/18\/uie-capacita-a-emprendedores-en-estrategias-de-branding-y-comunicacion-digital\/","title":{"rendered":"UIE capacita a emprendedores en estrategias de branding y comunicaci\u00f3n digital"},"content":{"rendered":"\t\t<div data-elementor-type=\"wp-post\" data-elementor-id=\"3754\" class=\"elementor elementor-3754\" data-elementor-post-type=\"post\">\n\t\t\t\t\t\t\t\t\t<section class=\"elementor-section elementor-top-section elementor-element elementor-element-756b8992 elementor-section-boxed elementor-section-height-default elementor-section-height-default\" data-id=\"756b8992\" data-element_type=\"section\">\n\t\t\t\t\t\t<div class=\"elementor-container elementor-column-gap-default\">\n\t\t\t\t\t<div class=\"elementor-column elementor-col-100 elementor-top-column elementor-element elementor-element-2939fa81\" data-id=\"2939fa81\" data-element_type=\"column\">\n\t\t\t<div class=\"elementor-widget-wrap elementor-element-populated\">\n\t\t\t\t\t\t\t\t<section class=\"elementor-section elementor-inner-section elementor-element elementor-element-3590cb89 elementor-section-boxed elementor-section-height-default elementor-section-height-default\" data-id=\"3590cb89\" data-element_type=\"section\">\n\t\t\t\t\t\t<div class=\"elementor-container elementor-column-gap-default\">\n\t\t\t\t\t<div class=\"elementor-column elementor-col-50 elementor-inner-column elementor-element elementor-element-1ec01cb8\" data-id=\"1ec01cb8\" data-element_type=\"column\">\n\t\t\t<div class=\"elementor-widget-wrap elementor-element-populated\">\n\t\t\t\t\t\t\t\t<div class=\"elementor-element elementor-element-62634df7 elementor-widget elementor-widget-text-editor\" data-id=\"62634df7\" data-element_type=\"widget\" data-widget_type=\"text-editor.default\">\n\t\t\t\t<div class=\"elementor-widget-container\">\n\t\t\t\t\t\t\t<p><!-- wp:heading {\"level\":3} --><\/p><div data-id=\"3e61497\" data-element_type=\"column\"><div data-id=\"c6699c2\" data-element_type=\"widget\" data-widget_type=\"text-editor.default\"><p><b>Se realiz\u00f3 un taller dirigido a los equipos ganadores del concurso Despega Usach y de la convocatoria Valorizaci\u00f3n de la Investigaci\u00f3n en la Universidad, donde se abord\u00f3 la construcci\u00f3n de las marcas, desde la creatividad en la publicidad, el uso de storytelling y el branding.<\/b><\/p><\/div><\/div><p><!-- \/wp:image --><!-- wp:paragraph --><\/p><p><!-- \/wp:paragraph --><\/p>\t\t\t\t\t\t<\/div>\n\t\t\t\t<\/div>\n\t\t\t\t\t<\/div>\n\t\t<\/div>\n\t\t\t\t<div class=\"elementor-column elementor-col-50 elementor-inner-column elementor-element elementor-element-44a4cb65\" data-id=\"44a4cb65\" data-element_type=\"column\">\n\t\t\t<div class=\"elementor-widget-wrap elementor-element-populated\">\n\t\t\t\t\t\t\t\t<div class=\"elementor-element elementor-element-344176f4 elementor-widget elementor-widget-text-editor\" data-id=\"344176f4\" data-element_type=\"widget\" data-widget_type=\"text-editor.default\">\n\t\t\t\t<div class=\"elementor-widget-container\">\n\t\t\t\t\t\t\t<p><span style=\"font-weight: 400;\">Dar a conocer la marca o los productos que fabricamos no s\u00f3lo es clave para llegar a nuestro p\u00fablico objetivo, sino tambi\u00e9n porque ayuda a aumentar el conocimiento que se tiene sobre los mismos.\u00a0<\/span><\/p><p><span style=\"font-weight: 400;\">Buena parte de la difusi\u00f3n que se realice, depende de la puesta en marcha de acertadas estrategias de comunicaci\u00f3n, marketing o publicidad. Para aprender m\u00e1s sobre estos temas, la <\/span><a href=\"https:\/\/uie.usach.cl\/\" target=\"_blank\" rel=\"noopener\"><span style=\"font-weight: 400;\">Unidad de Innovaci\u00f3n y Emprendimiento (UIE<\/span><\/a><span style=\"font-weight: 400;\">) realiz\u00f3 un taller dirigido a los equipos ganadores de <strong>Despega Usach 2021<\/strong>, instancia de formaci\u00f3n que es parte de los premios que recibieron. Adem\u00e1s, se sumaron emprendedores que se adjudicaron la convocatoria Valorizaci\u00f3n de la Investigaci\u00f3n en la Universidad\u00a0 Valorizaci\u00f3n de la Investigaci\u00f3n en la Universidad (VIU), versiones 2020 y 2021.<\/span><\/p><p><span style=\"font-weight: 400;\">El encuentro estuvo a cargo de <strong>Carla Henr\u00edquez<\/strong>, periodista, especialista en Marketing Digital y profesional destacada de nuestra <a href=\"http:\/\/innovo.cl\" target=\"_blank\" rel=\"noopener\">Red de Mentores INNOVO<\/a>. En su presentaci\u00f3n, se refiri\u00f3 a la construcci\u00f3n y posicionamiento de las marcas, desde la creatividad en la publicidad, el uso del storytelling y el branding.\u00a0<\/span><\/p><p><span style=\"font-weight: 400;\">Asimismo, las y los emprendedores tuvieron la oportunidad de realizar varios ejercicios pr\u00e1cticos a lo largo del taller en relaci\u00f3n a sus propios proyectos.<\/span><\/p><h6><b>La construcci\u00f3n y poder de la marca<\/b><\/h6><p><span style=\"font-weight: 400;\">Uno de los primeros temas que la mentora abord\u00f3 fue la publicidad. Dijo que esta se encarga de \u201cdifundir un mensaje en medios de comunicaci\u00f3n masivos con el objetivo de persuadir\u201d, en donde el cliente puede recurrir a la modalidad gratuita (publicity) o bien a una pagada.\u00a0<\/span><\/p><p><span style=\"font-weight: 400;\">Explic\u00f3 que a trav\u00e9s de la publicidad, la marca refleja la visi\u00f3n de la empresa, permite diferenciarse de la competencia, y adem\u00e1s, \u201cnos identifica, incentiva nuestros gustos y enriquece nuestras experiencias\u201d, acot\u00f3.<\/span><\/p><p><span style=\"font-weight: 400;\">Tambi\u00e9n repas\u00f3 la evoluci\u00f3n y tendencias que, a lo largo de los a\u00f1os,\u00a0 ha tenido la publicidad para llamar la atenci\u00f3n y atraer al segmento objetivo que busca. Coment\u00f3 que hoy una de las formas m\u00e1s utilizadas es el storytelling o el arte de contar historias sobre una marca, \u201cusando t\u00e9cnicas inspiradas en escritores y guionistas para transmitir un mensaje de forma inolvidable\u201d. Resalt\u00f3 que una de las caracter\u00edsticas del storytelling es que ocupa las redes sociales como canales de comunicaci\u00f3n para promover sus mensajes.\u00a0<\/span><\/p><p><span style=\"font-weight: 400;\">Otro de los puntos que trat\u00f3 fue el branding, cuyo foco es gestionar la marca para hacerla conocida y deseada por los consumidores. Al respecto, aclar\u00f3 que el rol del branding no es vender productos, sino crear las condiciones de comunicaci\u00f3n entre la empresa y la comunidad consumidora, de manera de activar la demanda por los productos.<\/span><\/p><p><span style=\"font-weight: 400;\">Finalmente, recalc\u00f3 que la construcci\u00f3n de marca, se inicia con el conocimiento de esta, \u201cde lo que ofrece y de d\u00f3nde quiere llegar\u201d. Por lo mismo, puntualiz\u00f3 que el branding\u00a0 apunta a \u201dla uni\u00f3n de la gesti\u00f3n estrat\u00e9gica de la marca, la creaci\u00f3n de una identidad que se mantenga en el tiempo y el valor percibido por el p\u00fablico\u201d.<\/span><\/p><p><b>Texto:<\/b><span style=\"font-weight: 400;\"> Paola Armijo<\/span><\/p><p><b>Fotograf\u00edas: <\/b><span style=\"font-weight: 400;\">\u00a0Paola Armijo<\/span><\/p><p><b>Tags<\/b><span style=\"font-weight: 400;\">: <\/span><span style=\"font-weight: 400;\">Despega Usach\u00a0<\/span><\/p><p><span style=\"font-weight: 400;\">Unidad de Innovaci\u00f3n y Emprendimiento<\/span><\/p><p><span style=\"font-weight: 400;\">Vicerrector\u00eda de Investigaci\u00f3n, Desarrollo e Innovaci\u00f3n<\/span><\/p>\t\t\t\t\t\t<\/div>\n\t\t\t\t<\/div>\n\t\t\t\t\t<\/div>\n\t\t<\/div>\n\t\t\t\t\t\t\t<\/div>\n\t\t<\/section>\n\t\t\t\t\t<\/div>\n\t\t<\/div>\n\t\t\t\t\t\t\t<\/div>\n\t\t<\/section>\n\t\t\t\t\t\t\t<\/div>\n\t\t","protected":false},"excerpt":{"rendered":"<p>Se realiz\u00f3 un taller dirigido a los equipos ganadores del concurso Despega Usach y de la convocatoria Valorizaci\u00f3n de la Investigaci\u00f3n en la Universidad, donde se abord\u00f3 la construcci\u00f3n de las marcas, desde la creatividad en la publicidad, el uso de storytelling y el branding. Dar a conocer la marca o los productos que fabricamos &hellip;<\/p>\n<p class=\"read-more\"> <a class=\"\" href=\"https:\/\/dinem.usach.cl\/index.php\/2022\/08\/18\/uie-capacita-a-emprendedores-en-estrategias-de-branding-y-comunicacion-digital\/\"> <span class=\"screen-reader-text\">UIE capacita a emprendedores en estrategias de branding y comunicaci\u00f3n digital<\/span> Read More &raquo;<\/a><\/p>\n","protected":false},"author":1,"featured_media":3755,"comment_status":"closed","ping_status":"closed","sticky":false,"template":"","format":"standard","meta":{"inline_featured_image":false,"site-sidebar-layout":"default","site-content-layout":"default","ast-site-content-layout":"","site-content-style":"default","site-sidebar-style":"default","ast-global-header-display":"","ast-banner-title-visibility":"","ast-main-header-display":"","ast-hfb-above-header-display":"","ast-hfb-below-header-display":"","ast-hfb-mobile-header-display":"","site-post-title":"","ast-breadcrumbs-content":"","ast-featured-img":"","footer-sml-layout":"","theme-transparent-header-meta":"default","adv-header-id-meta":"","stick-header-meta":"","header-above-stick-meta":"","header-main-stick-meta":"","header-below-stick-meta":"","astra-migrate-meta-layouts":"","ast-page-background-enabled":"default","ast-page-background-meta":{"desktop":{"background-color":"","background-image":"","background-repeat":"repeat","background-position":"center center","background-size":"auto","background-attachment":"scroll","background-type":"","background-media":"","overlay-type":"","overlay-color":"","overlay-gradient":""},"tablet":{"background-color":"","background-image":"","background-repeat":"repeat","background-position":"center center","background-size":"auto","background-attachment":"scroll","background-type":"","background-media":"","overlay-type":"","overlay-color":"","overlay-gradient":""},"mobile":{"background-color":"","background-image":"","background-repeat":"repeat","background-position":"center center","background-size":"auto","background-attachment":"scroll","background-type":"","background-media":"","overlay-type":"","overlay-color":"","overlay-gradient":""}},"ast-content-background-meta":{"desktop":{"background-color":"var(--ast-global-color-5)","background-image":"","background-repeat":"repeat","background-position":"center center","background-size":"auto","background-attachment":"scroll","background-type":"","background-media":"","overlay-type":"","overlay-color":"","overlay-gradient":""},"tablet":{"background-color":"var(--ast-global-color-5)","background-image":"","background-repeat":"repeat","background-position":"center center","background-size":"auto","background-attachment":"scroll","background-type":"","background-media":"","overlay-type":"","overlay-color":"","overlay-gradient":""},"mobile":{"background-color":"var(--ast-global-color-5)","background-image":"","background-repeat":"repeat","background-position":"center center","background-size":"auto","background-attachment":"scroll","background-type":"","background-media":"","overlay-type":"","overlay-color":"","overlay-gradient":""}},"footnotes":""},"categories":[1],"tags":[],"_links":{"self":[{"href":"https:\/\/dinem.usach.cl\/index.php\/wp-json\/wp\/v2\/posts\/3754"}],"collection":[{"href":"https:\/\/dinem.usach.cl\/index.php\/wp-json\/wp\/v2\/posts"}],"about":[{"href":"https:\/\/dinem.usach.cl\/index.php\/wp-json\/wp\/v2\/types\/post"}],"author":[{"embeddable":true,"href":"https:\/\/dinem.usach.cl\/index.php\/wp-json\/wp\/v2\/users\/1"}],"replies":[{"embeddable":true,"href":"https:\/\/dinem.usach.cl\/index.php\/wp-json\/wp\/v2\/comments?post=3754"}],"version-history":[{"count":5,"href":"https:\/\/dinem.usach.cl\/index.php\/wp-json\/wp\/v2\/posts\/3754\/revisions"}],"predecessor-version":[{"id":3760,"href":"https:\/\/dinem.usach.cl\/index.php\/wp-json\/wp\/v2\/posts\/3754\/revisions\/3760"}],"wp:featuredmedia":[{"embeddable":true,"href":"https:\/\/dinem.usach.cl\/index.php\/wp-json\/wp\/v2\/media\/3755"}],"wp:attachment":[{"href":"https:\/\/dinem.usach.cl\/index.php\/wp-json\/wp\/v2\/media?parent=3754"}],"wp:term":[{"taxonomy":"category","embeddable":true,"href":"https:\/\/dinem.usach.cl\/index.php\/wp-json\/wp\/v2\/categories?post=3754"},{"taxonomy":"post_tag","embeddable":true,"href":"https:\/\/dinem.usach.cl\/index.php\/wp-json\/wp\/v2\/tags?post=3754"}],"curies":[{"name":"wp","href":"https:\/\/api.w.org\/{rel}","templated":true}]}}