{"id":4156,"date":"2023-04-24T14:23:07","date_gmt":"2023-04-24T17:23:07","guid":{"rendered":"https:\/\/dinem.usach.cl\/?p=4156"},"modified":"2023-04-24T14:23:54","modified_gmt":"2023-04-24T17:23:54","slug":"tiempos-de-incertidumbre-economica-aqui-5-consejos-para-no-quebrar-con-tu-negocio","status":"publish","type":"post","link":"https:\/\/dinem.usach.cl\/index.php\/2023\/04\/24\/tiempos-de-incertidumbre-economica-aqui-5-consejos-para-no-quebrar-con-tu-negocio\/","title":{"rendered":"\u00bfTiempos de incertidumbre econ\u00f3mica? Aqu\u00ed 5 consejos para no quebrar con tu negocio"},"content":{"rendered":"\t\t<div data-elementor-type=\"wp-post\" data-elementor-id=\"4156\" class=\"elementor elementor-4156\" data-elementor-post-type=\"post\">\n\t\t\t\t\t\t\t\t\t<section class=\"elementor-section elementor-top-section elementor-element elementor-element-74b9d6c8 elementor-section-boxed elementor-section-height-default elementor-section-height-default\" data-id=\"74b9d6c8\" data-element_type=\"section\">\n\t\t\t\t\t\t<div class=\"elementor-container elementor-column-gap-default\">\n\t\t\t\t\t<div class=\"elementor-column elementor-col-100 elementor-top-column elementor-element elementor-element-3d269c3a\" data-id=\"3d269c3a\" data-element_type=\"column\">\n\t\t\t<div class=\"elementor-widget-wrap elementor-element-populated\">\n\t\t\t\t\t\t\t\t<section class=\"elementor-section elementor-inner-section elementor-element elementor-element-1c92b398 elementor-section-boxed elementor-section-height-default elementor-section-height-default\" data-id=\"1c92b398\" data-element_type=\"section\">\n\t\t\t\t\t\t<div class=\"elementor-container elementor-column-gap-default\">\n\t\t\t\t\t<div class=\"elementor-column elementor-col-50 elementor-inner-column elementor-element elementor-element-1c579860\" data-id=\"1c579860\" data-element_type=\"column\">\n\t\t\t<div class=\"elementor-widget-wrap elementor-element-populated\">\n\t\t\t\t\t\t\t\t<div class=\"elementor-element elementor-element-755d1fbf elementor-widget elementor-widget-text-editor\" data-id=\"755d1fbf\" data-element_type=\"widget\" data-widget_type=\"text-editor.default\">\n\t\t\t\t<div class=\"elementor-widget-container\">\n\t\t\t\t\t\t\t<p><!-- wp:heading {\"level\":3} --><\/p><div data-id=\"3e61497\" data-element_type=\"column\"><div data-id=\"c6699c2\" data-element_type=\"widget\" data-widget_type=\"text-editor.default\"><p><b>Benjam\u00edn Carrasco, Director CDN Sercotec Aconcagua, y Marcelo Mu\u00f1oz, creador del M\u00e9todo Liderazgo Exponencial, ambos mentores de la Incubadora de Negocios INNOVO USACH, acaban de lanzar un nuevo y pr\u00e1ctico libro especial para emprendedores que buscan a toda costa superar el valle de la muerte. \u201cNo voy a quebrar\u201d, es el nombre del texto y nos entrega pr\u00e1cticos consejos para evitar la tan temida quiebra de nuestros emprendimientos.<\/b><\/p><\/div><\/div><p><!-- \/wp:image --><!-- wp:paragraph --><\/p><p><!-- \/wp:paragraph --><\/p>\t\t\t\t\t\t<\/div>\n\t\t\t\t<\/div>\n\t\t\t\t\t<\/div>\n\t\t<\/div>\n\t\t\t\t<div class=\"elementor-column elementor-col-50 elementor-inner-column elementor-element elementor-element-4b017d0a\" data-id=\"4b017d0a\" data-element_type=\"column\">\n\t\t\t<div class=\"elementor-widget-wrap elementor-element-populated\">\n\t\t\t\t\t\t\t\t<div class=\"elementor-element elementor-element-dee7ff0 elementor-widget elementor-widget-text-editor\" data-id=\"dee7ff0\" data-element_type=\"widget\" data-widget_type=\"text-editor.default\">\n\t\t\t\t<div class=\"elementor-widget-container\">\n\t\t\t\t\t\t\t<p><span style=\"font-weight: 400;\">Hace unos meses Benjamin y Marcelo, recopilaron historias y experiencias de distintos emprendedores que tuvieron dificultades para salir adelante con sus negocios, pero que gracias a esas situaciones lograron desarrollar y sacar adelante sus iniciativas.\u00a0 Con esas experiencias, crearon el libro <strong>\u201cNO VOY A QUEBRAR\u201d<\/strong>, texto donde podremos descubrir una metodolog\u00eda que busca trabajar no solamente en la construcci\u00f3n de redes, sino que en su h\u00e1bito comercial y tambi\u00e9n en herramientas importantes de liderazgo.<\/span><\/p><p><span style=\"font-weight: 400;\">Los autores nos resumieron el libro con 5 grandes consejos pr\u00e1cticos, que vale la pena aplicar en los negocios:<\/span><\/p><h6><b>N\u00daMERO 1: FACTURAR\u00a0<\/b><\/h6><p><span style=\"font-weight: 400;\">Lo m\u00e1s importante, como dice la canci\u00f3n, hay que facturar. Un emprendedor que no factura en ese sentido no est\u00e1 siendo emprendedor, as\u00ed que si no estamos facturando debemos revisar lo que estamos realizando y ver alternativas de soluci\u00f3n para poder traer dinero a la compa\u00f1\u00eda u organizaci\u00f3n. En condiciones normales, mientras m\u00e1s ganancias tengamos, nuestra operaci\u00f3n estar\u00e1 mejor: podremos reinvertirlas, distribuirlas o destinarlas al ahorro personal.<\/span><\/p><h6><b>N\u00daMERO 2\ufe0f: CONSTRUIR REDES Y TENER UN MENTOR\u00a0<\/b><\/h6><p><span style=\"font-weight: 400;\">Es muy importante crear un capital social alrededor de tu emprendimiento. No gana el m\u00e1s grande, tampoco sobrevive el que entendi\u00f3 mejor la situaci\u00f3n, sino que sobrevive el que tiene comunidad, el que cumple la promesa y sobre todo el que puede ser flexible. En ese sentido debes tener un mentor que te ayude, que te oriente, que te aconseje. Al hacer crecer estos v\u00ednculos favorecer\u00e1s a tu negocio, a la vez que generar\u00e1s una mejora sustentable para todos los que est\u00e1n dentro de tu entorno y la sociedad.<\/span><\/p><h6><b>N\u00daMERO 3\ufe0f: CONOCERSE A S\u00cd MISMO\u00a0<\/b><\/h6><p><span style=\"font-weight: 400;\">A veces somos m\u00e1s desordenados, otras m\u00e1s met\u00f3dicos, y en muchas ocasiones decimos vamos a hacer algo que finalmente no concretamos. Tenemos que ser sinceros con nosotros mismos porque al final del d\u00eda somos nosotros los responsables de nuestro emprendimiento, y si ya contamos con equipo de trabajo, no estamos solos, sino que tambi\u00e9n tenemos gente detr\u00e1s que est\u00e1 apoyando y creyendo en nosotros.<\/span><\/p><h6><b>N\u00daMERO 4\ufe0f: DESARROLLA LIDERAZGO<\/b><\/h6><p><span style=\"font-weight: 400;\">No se trata de cualquier liderazgo, sino que un liderazgo exponencial (metodolog\u00eda contenida en el libro \u201cNO VOY A QUEBRAR\u201d y creada por Marcelo), pues hoy d\u00eda las empresas crecen o caen exponencialmente, a la vez que influyen y se ven influidas por su contexto social, pol\u00edtico econ\u00f3mico. El emprendedor tiene que trabajar en su auto liderazgo para ver un cambio y poder desarrollarse en cualquier tipo de entorno, sin culpar situaciones o agentes externos.<\/span><\/p><h6><b>N\u00daMERO 5\ufe0f: TRABAJA LA PERSEVERANCIA\u00a0<\/b><\/h6><p><span style=\"font-weight: 400;\">En Chile decimos que los emprendedores somos \u201cmonos porfiados\u201d (en alusi\u00f3n al juguete), nos caemos, pero nos volvemos a levantar. No basta con decirlo, sino que es responsabilidad de los emprendedores adquirir las herramientas que le permitan manejar su energ\u00eda, prioridades, esfuerzos y recursos. En el libro \u201cNO VOY A QUEBRAR\u201d podremos encontrar informaci\u00f3n que les permitir\u00e1 trabajar este tema.<\/span><\/p><h4><b>Sobre el Libro<\/b><\/h4><p><b>NO VOY A QUEBRAR<\/b><span style=\"font-weight: 400;\">, ofrece una metodolog\u00eda forjada a trav\u00e9s de a\u00f1os de pr\u00e1ctica y desarrollo profesional de dos mentores de INNOVO, que cuentan con basta experiencia asesorando empresas y ejecutivos. Es en esa pr\u00e1ctica que han podido encontrar algunos elementos comunes donde flanquean los emprendimientos.<\/span><\/p><p><span style=\"font-weight: 400;\">Encuentra el libro <\/span><a href=\"https:\/\/www.amazon.com\/VOY-QUEBRAR-Spanish-Marcelo-Mu%C3%B1oz-ebook\/dp\/B0BW37GZX7\/ref=mp_s_a_1_2?crid=2S6LBKYGZP1DN&amp;keywords=no+voy+a+quebrar&amp;qid=1679433906&amp;sprefix=%2Caps%2C182&amp;sr=8-2\" target=\"_blank\" rel=\"noopener\"><span style=\"font-weight: 400;\">aqu\u00ed.<\/span><\/a><\/p><p><span style=\"font-weight: 400;\">Por: Ignacio Vallejos<\/span><\/p>\t\t\t\t\t\t<\/div>\n\t\t\t\t<\/div>\n\t\t\t\t\t<\/div>\n\t\t<\/div>\n\t\t\t\t\t\t\t<\/div>\n\t\t<\/section>\n\t\t\t\t\t<\/div>\n\t\t<\/div>\n\t\t\t\t\t\t\t<\/div>\n\t\t<\/section>\n\t\t\t\t\t\t\t<\/div>\n\t\t","protected":false},"excerpt":{"rendered":"<p>Benjam\u00edn Carrasco, Director CDN Sercotec Aconcagua, y Marcelo Mu\u00f1oz, creador del M\u00e9todo Liderazgo Exponencial, ambos mentores de la Incubadora de Negocios INNOVO USACH, acaban de lanzar un nuevo y pr\u00e1ctico libro especial para emprendedores que buscan a toda costa superar el valle de la muerte. \u201cNo voy a quebrar\u201d, es el nombre del texto y &hellip;<\/p>\n<p class=\"read-more\"> <a class=\"\" href=\"https:\/\/dinem.usach.cl\/index.php\/2023\/04\/24\/tiempos-de-incertidumbre-economica-aqui-5-consejos-para-no-quebrar-con-tu-negocio\/\"> <span class=\"screen-reader-text\">\u00bfTiempos de incertidumbre econ\u00f3mica? Aqu\u00ed 5 consejos para no quebrar con tu negocio<\/span> Read More &raquo;<\/a><\/p>\n","protected":false},"author":1,"featured_media":4157,"comment_status":"closed","ping_status":"closed","sticky":false,"template":"","format":"standard","meta":{"inline_featured_image":false,"site-sidebar-layout":"default","site-content-layout":"default","ast-site-content-layout":"","site-content-style":"default","site-sidebar-style":"default","ast-global-header-display":"","ast-banner-title-visibility":"","ast-main-header-display":"","ast-hfb-above-header-display":"","ast-hfb-below-header-display":"","ast-hfb-mobile-header-display":"","site-post-title":"","ast-breadcrumbs-content":"","ast-featured-img":"","footer-sml-layout":"","theme-transparent-header-meta":"default","adv-header-id-meta":"","stick-header-meta":"","header-above-stick-meta":"","header-main-stick-meta":"","header-below-stick-meta":"","astra-migrate-meta-layouts":"","ast-page-background-enabled":"default","ast-page-background-meta":{"desktop":{"background-color":"","background-image":"","background-repeat":"repeat","background-position":"center center","background-size":"auto","background-attachment":"scroll","background-type":"","background-media":"","overlay-type":"","overlay-color":"","overlay-gradient":""},"tablet":{"background-color":"","background-image":"","background-repeat":"repeat","background-position":"center center","background-size":"auto","background-attachment":"scroll","background-type":"","background-media":"","overlay-type":"","overlay-color":"","overlay-gradient":""},"mobile":{"background-color":"","background-image":"","background-repeat":"repeat","background-position":"center center","background-size":"auto","background-attachment":"scroll","background-type":"","background-media":"","overlay-type":"","overlay-color":"","overlay-gradient":""}},"ast-content-background-meta":{"desktop":{"background-color":"var(--ast-global-color-5)","background-image":"","background-repeat":"repeat","background-position":"center center","background-size":"auto","background-attachment":"scroll","background-type":"","background-media":"","overlay-type":"","overlay-color":"","overlay-gradient":""},"tablet":{"background-color":"var(--ast-global-color-5)","background-image":"","background-repeat":"repeat","background-position":"center center","background-size":"auto","background-attachment":"scroll","background-type":"","background-media":"","overlay-type":"","overlay-color":"","overlay-gradient":""},"mobile":{"background-color":"var(--ast-global-color-5)","background-image":"","background-repeat":"repeat","background-position":"center center","background-size":"auto","background-attachment":"scroll","background-type":"","background-media":"","overlay-type":"","overlay-color":"","overlay-gradient":""}},"footnotes":""},"categories":[1],"tags":[],"_links":{"self":[{"href":"https:\/\/dinem.usach.cl\/index.php\/wp-json\/wp\/v2\/posts\/4156"}],"collection":[{"href":"https:\/\/dinem.usach.cl\/index.php\/wp-json\/wp\/v2\/posts"}],"about":[{"href":"https:\/\/dinem.usach.cl\/index.php\/wp-json\/wp\/v2\/types\/post"}],"author":[{"embeddable":true,"href":"https:\/\/dinem.usach.cl\/index.php\/wp-json\/wp\/v2\/users\/1"}],"replies":[{"embeddable":true,"href":"https:\/\/dinem.usach.cl\/index.php\/wp-json\/wp\/v2\/comments?post=4156"}],"version-history":[{"count":4,"href":"https:\/\/dinem.usach.cl\/index.php\/wp-json\/wp\/v2\/posts\/4156\/revisions"}],"predecessor-version":[{"id":4161,"href":"https:\/\/dinem.usach.cl\/index.php\/wp-json\/wp\/v2\/posts\/4156\/revisions\/4161"}],"wp:featuredmedia":[{"embeddable":true,"href":"https:\/\/dinem.usach.cl\/index.php\/wp-json\/wp\/v2\/media\/4157"}],"wp:attachment":[{"href":"https:\/\/dinem.usach.cl\/index.php\/wp-json\/wp\/v2\/media?parent=4156"}],"wp:term":[{"taxonomy":"category","embeddable":true,"href":"https:\/\/dinem.usach.cl\/index.php\/wp-json\/wp\/v2\/categories?post=4156"},{"taxonomy":"post_tag","embeddable":true,"href":"https:\/\/dinem.usach.cl\/index.php\/wp-json\/wp\/v2\/tags?post=4156"}],"curies":[{"name":"wp","href":"https:\/\/api.w.org\/{rel}","templated":true}]}}