{"id":5459,"date":"2024-07-15T21:32:22","date_gmt":"2024-07-16T00:32:22","guid":{"rendered":"https:\/\/dinem.usach.cl\/?p=5459"},"modified":"2024-07-17T14:02:38","modified_gmt":"2024-07-17T17:02:38","slug":"save-the-date-25-26-y-27-de-julio-2024-smart-city-expo","status":"publish","type":"post","link":"https:\/\/dinem.usach.cl\/index.php\/2024\/07\/15\/save-the-date-25-26-y-27-de-julio-2024-smart-city-expo\/","title":{"rendered":"Innovo, la Incubadora de Negocios de la Usach ser\u00e1 parte de Smart City Expo"},"content":{"rendered":"\t\t<div data-elementor-type=\"wp-post\" data-elementor-id=\"5459\" class=\"elementor elementor-5459\" data-elementor-post-type=\"post\">\n\t\t\t\t\t\t\t\t\t<section class=\"elementor-section elementor-top-section elementor-element elementor-element-14e29a83 elementor-section-full_width elementor-section-height-default elementor-section-height-default\" data-id=\"14e29a83\" data-element_type=\"section\">\n\t\t\t\t\t\t<div class=\"elementor-container elementor-column-gap-default\">\n\t\t\t\t\t<div class=\"elementor-column elementor-col-100 elementor-top-column elementor-element elementor-element-7587e784\" data-id=\"7587e784\" data-element_type=\"column\">\n\t\t\t<div class=\"elementor-widget-wrap elementor-element-populated\">\n\t\t\t\t\t\t\t\t<section class=\"elementor-section elementor-inner-section elementor-element elementor-element-4f6a4302 elementor-section-boxed elementor-section-height-default elementor-section-height-default\" data-id=\"4f6a4302\" data-element_type=\"section\">\n\t\t\t\t\t\t<div class=\"elementor-container elementor-column-gap-default\">\n\t\t\t\t\t<div class=\"elementor-column elementor-col-100 elementor-inner-column elementor-element elementor-element-311d68f4\" data-id=\"311d68f4\" data-element_type=\"column\">\n\t\t\t<div class=\"elementor-widget-wrap elementor-element-populated\">\n\t\t\t\t\t\t\t\t<div class=\"elementor-element elementor-element-4cf3987c elementor-share-buttons--view-icon elementor-share-buttons--shape-circle elementor-share-buttons--align-right elementor-share-buttons--skin-gradient elementor-grid-0 elementor-share-buttons--color-official elementor-widget elementor-widget-share-buttons\" data-id=\"4cf3987c\" data-element_type=\"widget\" data-widget_type=\"share-buttons.default\">\n\t\t\t\t<div class=\"elementor-widget-container\">\n\t\t\t\t\t<div class=\"elementor-grid\">\n\t\t\t\t\t\t\t\t<div class=\"elementor-grid-item\">\n\t\t\t\t\t\t<div\n\t\t\t\t\t\t\tclass=\"elementor-share-btn elementor-share-btn_facebook\"\n\t\t\t\t\t\t\trole=\"button\"\n\t\t\t\t\t\t\ttabindex=\"0\"\n\t\t\t\t\t\t\taria-label=\"Share on facebook\"\n\t\t\t\t\t\t>\n\t\t\t\t\t\t\t\t\t\t\t\t\t\t\t<span class=\"elementor-share-btn__icon\">\n\t\t\t\t\t\t\t\t<i class=\"fab fa-facebook\" aria-hidden=\"true\"><\/i>\t\t\t\t\t\t\t<\/span>\n\t\t\t\t\t\t\t\t\t\t\t\t\t\t\t\t\t\t\t\t<\/div>\n\t\t\t\t\t<\/div>\n\t\t\t\t\t\t\t\t\t<div class=\"elementor-grid-item\">\n\t\t\t\t\t\t<div\n\t\t\t\t\t\t\tclass=\"elementor-share-btn elementor-share-btn_twitter\"\n\t\t\t\t\t\t\trole=\"button\"\n\t\t\t\t\t\t\ttabindex=\"0\"\n\t\t\t\t\t\t\taria-label=\"Share on twitter\"\n\t\t\t\t\t\t>\n\t\t\t\t\t\t\t\t\t\t\t\t\t\t\t<span class=\"elementor-share-btn__icon\">\n\t\t\t\t\t\t\t\t<i class=\"fab fa-twitter\" aria-hidden=\"true\"><\/i>\t\t\t\t\t\t\t<\/span>\n\t\t\t\t\t\t\t\t\t\t\t\t\t\t\t\t\t\t\t\t<\/div>\n\t\t\t\t\t<\/div>\n\t\t\t\t\t\t\t\t\t<div class=\"elementor-grid-item\">\n\t\t\t\t\t\t<div\n\t\t\t\t\t\t\tclass=\"elementor-share-btn elementor-share-btn_linkedin\"\n\t\t\t\t\t\t\trole=\"button\"\n\t\t\t\t\t\t\ttabindex=\"0\"\n\t\t\t\t\t\t\taria-label=\"Share on linkedin\"\n\t\t\t\t\t\t>\n\t\t\t\t\t\t\t\t\t\t\t\t\t\t\t<span class=\"elementor-share-btn__icon\">\n\t\t\t\t\t\t\t\t<i class=\"fab fa-linkedin\" aria-hidden=\"true\"><\/i>\t\t\t\t\t\t\t<\/span>\n\t\t\t\t\t\t\t\t\t\t\t\t\t\t\t\t\t\t\t\t<\/div>\n\t\t\t\t\t<\/div>\n\t\t\t\t\t\t<\/div>\n\t\t\t\t<\/div>\n\t\t\t\t<\/div>\n\t\t\t\t<div class=\"elementor-element elementor-element-45e31afa elementor-widget elementor-widget-text-editor\" data-id=\"45e31afa\" data-element_type=\"widget\" data-widget_type=\"text-editor.default\">\n\t\t\t\t<div class=\"elementor-widget-container\">\n\t\t\t\t\t\t\t<p><!-- wp:heading {\"level\":3} --><\/p>\n<div data-id=\"3e61497\" data-element_type=\"column\">\n<div data-id=\"c6699c2\" data-element_type=\"widget\" data-widget_type=\"text-editor.default\">\n<p>Queremos invitarte a participar en la Smart City Expo Santiago, una instancia de intercambio de conocimiento y conexi\u00f3n entre l\u00edderes en el \u00e1mbito de las ciudades inteligentes. Durante tres d\u00edas, tendr\u00e1s la oportunidad de participar en actividades de networking, asistir a exhibiciones de l\u00edderes de la industria y escuchar a speakers nacionales e internacionales.<\/p>\n<\/div>\n<\/div>\n<p><!-- \/wp:image --><!-- wp:paragraph --><\/p>\n<p><!-- \/wp:paragraph --><\/p>\t\t\t\t\t\t<\/div>\n\t\t\t\t<\/div>\n\t\t\t\t<div class=\"elementor-element elementor-element-385cfb31 elementor-widget elementor-widget-text-editor\" data-id=\"385cfb31\" data-element_type=\"widget\" data-widget_type=\"text-editor.default\">\n\t\t\t\t<div class=\"elementor-widget-container\">\n\t\t\t\t\t\t\t<p>Smart City Expo Santiago es un congreso internacional y una feria de exhibici\u00f3n de soluciones para ciudades inteligentes. Centrada en &#8220;Recuperar la ciudad para las personas&#8221;, este evento se llevar\u00e1 a cabo durante tres d\u00edas en Santiago de Chile. Smart City Expo Santiago es la edici\u00f3n chilena del Smart City Expo World Congress, el evento l\u00edder para ciudades organizado por Fira Barcelona<\/p>\n<p>Smart City Expo, ofrece oportunidades de networking de alto nivel, tecnolog\u00edas de vanguardia y un poderoso liderazgo de pensamiento en \u00e1reas como: Gobierno Sostenible, Gobernanza, Desarrollo Social y Equidad, Ciudades Seguras y Resilientes y Movilidad Urbana.<\/p>\n<p>\u00a0<\/p>\n<p><span style=\"font-weight: 400;\">Este evento se celebrar\u00e1 en el Centro Cultural <\/span><b>Estaci\u00f3n Mapocho, <\/b><span style=\"font-weight: 400;\">el pr\u00f3ximo jueves 25, viernes 26 y s\u00e1bado 27 de julio.\u00a0\u00a0<\/span><\/p>\n<p><span style=\"font-weight: 400;\">Como, <\/span><b>Innovo, la Incubadora de Negocios de la Universidad de Santiago, e<\/b><span style=\"font-weight: 400;\">staremos presente con un stand con emprendedores que ya est\u00e1n aportando con soluciones tecnol\u00f3gicas para un futuro m\u00e1s sustentable: como es el caso de Redciclach, Photio, E2VIngenier\u00eda, entre muchas otras. Adem\u00e1s, nos acompa\u00f1ar\u00e1n Atom y Poppy, los robots con inteligencia artificial desarrollados por Leind Usach.<\/span><\/p>\n<p><b>Inscr\u00edbete ahora<\/b><span style=\"font-weight: 400;\"> para obtener tu <\/span><b>entrada gratuita<\/b><span style=\"font-weight: 400;\"> y \u00fanete a nosotros en la <\/span><b>Smart City Expo Santiago<\/b><span style=\"font-weight: 400;\">. \u00a1No te pierdas esta oportunidad \u00fanica de colaborar y generar un <\/span><b>impacto real<\/b><span style=\"font-weight: 400;\"> en nuestras ciudades! \ud83c\udf1f<\/span><\/p>\n<p><span style=\"font-weight: 400;\">\ud83d\udc49<\/span><a href=\"https:\/\/www.ecopass.cl\/events\/smartcity-expo-santiago-de-chile\/10158\" target=\"_blank\" rel=\"noopener\"> <b>Inscr\u00edbete ya para obtener tu entrada<\/b><\/a><a href=\"https:\/\/www.ecopass.cl\/events\/smartcity-expo-santiago-de-chile\/10158\" target=\"_blank\" rel=\"noopener\">\u00a0<\/a><a href=\"https:\/\/www.ecopass.cl\/events\/smartcity-expo-santiago-de-chile\/10158\"><b>gratuita<\/b><\/a><\/p>\n<p><span style=\"font-weight: 400;\">M\u00e1s informaci\u00f3n en<\/span><a href=\"http:\/\/www.smartcityexposantiago.com\" target=\"_blank\" rel=\"noopener\"> <span style=\"font-weight: 400;\">www.smartcityexposantiago.com<\/span><\/a><\/p>\n<p><span style=\"font-weight: 400;\">Organizan: Interexpo y Fira Barcelona<\/span><span style=\"font-weight: 400;\"><br \/><\/span><span style=\"font-weight: 400;\">Invitan: Gobierno de Santiago, Consejo Regional, S\u00e9 Santiago<\/span><\/p>\n<p>\u00a0<\/p>\t\t\t\t\t\t<\/div>\n\t\t\t\t<\/div>\n\t\t\t\t\t<\/div>\n\t\t<\/div>\n\t\t\t\t\t\t\t<\/div>\n\t\t<\/section>\n\t\t\t\t\t<\/div>\n\t\t<\/div>\n\t\t\t\t\t\t\t<\/div>\n\t\t<\/section>\n\t\t\t\t<section class=\"elementor-section elementor-top-section elementor-element elementor-element-e809172 elementor-section-boxed elementor-section-height-default elementor-section-height-default\" data-id=\"e809172\" data-element_type=\"section\">\n\t\t\t\t\t\t<div class=\"elementor-container elementor-column-gap-default\">\n\t\t\t\t\t<div class=\"elementor-column elementor-col-100 elementor-top-column elementor-element elementor-element-90d7793\" data-id=\"90d7793\" data-element_type=\"column\">\n\t\t\t<div class=\"elementor-widget-wrap elementor-element-populated\">\n\t\t\t\t\t\t\t\t<div class=\"elementor-element elementor-element-53e2644 elementor-widget elementor-widget-image\" data-id=\"53e2644\" data-element_type=\"widget\" data-widget_type=\"image.default\">\n\t\t\t\t<div class=\"elementor-widget-container\">\n\t\t\t\t\t\t\t\t\t\t\t\t\t\t\t\t<a href=\"https:\/\/www.ecopass.cl\/events\/smartcity-expo-santiago-de-chile\/10158\" target=\"_blank\">\n\t\t\t\t\t\t\t<img decoding=\"async\" loading=\"lazy\" width=\"576\" height=\"1024\" src=\"https:\/\/dinem.usach.cl\/wp-content\/uploads\/2024\/07\/Mailing-576x1024.png\" class=\"attachment-large size-large wp-image-5464\" alt=\"\" srcset=\"https:\/\/dinem.usach.cl\/wp-content\/uploads\/2024\/07\/Mailing-576x1024.png 576w, https:\/\/dinem.usach.cl\/wp-content\/uploads\/2024\/07\/Mailing-169x300.png 169w, https:\/\/dinem.usach.cl\/wp-content\/uploads\/2024\/07\/Mailing-768x1365.png 768w, https:\/\/dinem.usach.cl\/wp-content\/uploads\/2024\/07\/Mailing-864x1536.png 864w, https:\/\/dinem.usach.cl\/wp-content\/uploads\/2024\/07\/Mailing-1152x2048.png 1152w\" sizes=\"(max-width: 576px) 100vw, 576px\" \/>\t\t\t\t\t\t\t\t<\/a>\n\t\t\t\t\t\t\t\t\t\t\t\t\t\t\t<\/div>\n\t\t\t\t<\/div>\n\t\t\t\t\t<\/div>\n\t\t<\/div>\n\t\t\t\t\t\t\t<\/div>\n\t\t<\/section>\n\t\t\t\t\t\t\t<\/div>\n\t\t","protected":false},"excerpt":{"rendered":"<p>Queremos invitarte a participar en la Smart City Expo Santiago, una instancia de intercambio de conocimiento y conexi\u00f3n entre l\u00edderes en el \u00e1mbito de las ciudades inteligentes. Durante tres d\u00edas, tendr\u00e1s la oportunidad de participar en actividades de networking, asistir a exhibiciones de l\u00edderes de la industria y escuchar a speakers nacionales e internacionales.<\/p>\n","protected":false},"author":1,"featured_media":5460,"comment_status":"closed","ping_status":"closed","sticky":false,"template":"","format":"standard","meta":{"inline_featured_image":false,"site-sidebar-layout":"default","site-content-layout":"","ast-site-content-layout":"default","site-content-style":"default","site-sidebar-style":"default","ast-global-header-display":"","ast-banner-title-visibility":"","ast-main-header-display":"","ast-hfb-above-header-display":"","ast-hfb-below-header-display":"","ast-hfb-mobile-header-display":"","site-post-title":"","ast-breadcrumbs-content":"","ast-featured-img":"","footer-sml-layout":"","theme-transparent-header-meta":"","adv-header-id-meta":"","stick-header-meta":"","header-above-stick-meta":"","header-main-stick-meta":"","header-below-stick-meta":"","astra-migrate-meta-layouts":"set","ast-page-background-enabled":"default","ast-page-background-meta":{"desktop":{"background-color":"","background-image":"","background-repeat":"repeat","background-position":"center center","background-size":"auto","background-attachment":"scroll","background-type":"","background-media":"","overlay-type":"","overlay-color":"","overlay-gradient":""},"tablet":{"background-color":"","background-image":"","background-repeat":"repeat","background-position":"center center","background-size":"auto","background-attachment":"scroll","background-type":"","background-media":"","overlay-type":"","overlay-color":"","overlay-gradient":""},"mobile":{"background-color":"","background-image":"","background-repeat":"repeat","background-position":"center center","background-size":"auto","background-attachment":"scroll","background-type":"","background-media":"","overlay-type":"","overlay-color":"","overlay-gradient":""}},"ast-content-background-meta":{"desktop":{"background-color":"var(--ast-global-color-5)","background-image":"","background-repeat":"repeat","background-position":"center center","background-size":"auto","background-attachment":"scroll","background-type":"","background-media":"","overlay-type":"","overlay-color":"","overlay-gradient":""},"tablet":{"background-color":"var(--ast-global-color-5)","background-image":"","background-repeat":"repeat","background-position":"center center","background-size":"auto","background-attachment":"scroll","background-type":"","background-media":"","overlay-type":"","overlay-color":"","overlay-gradient":""},"mobile":{"background-color":"var(--ast-global-color-5)","background-image":"","background-repeat":"repeat","background-position":"center center","background-size":"auto","background-attachment":"scroll","background-type":"","background-media":"","overlay-type":"","overlay-color":"","overlay-gradient":""}},"footnotes":""},"categories":[1],"tags":[],"_links":{"self":[{"href":"https:\/\/dinem.usach.cl\/index.php\/wp-json\/wp\/v2\/posts\/5459"}],"collection":[{"href":"https:\/\/dinem.usach.cl\/index.php\/wp-json\/wp\/v2\/posts"}],"about":[{"href":"https:\/\/dinem.usach.cl\/index.php\/wp-json\/wp\/v2\/types\/post"}],"author":[{"embeddable":true,"href":"https:\/\/dinem.usach.cl\/index.php\/wp-json\/wp\/v2\/users\/1"}],"replies":[{"embeddable":true,"href":"https:\/\/dinem.usach.cl\/index.php\/wp-json\/wp\/v2\/comments?post=5459"}],"version-history":[{"count":21,"href":"https:\/\/dinem.usach.cl\/index.php\/wp-json\/wp\/v2\/posts\/5459\/revisions"}],"predecessor-version":[{"id":5492,"href":"https:\/\/dinem.usach.cl\/index.php\/wp-json\/wp\/v2\/posts\/5459\/revisions\/5492"}],"wp:featuredmedia":[{"embeddable":true,"href":"https:\/\/dinem.usach.cl\/index.php\/wp-json\/wp\/v2\/media\/5460"}],"wp:attachment":[{"href":"https:\/\/dinem.usach.cl\/index.php\/wp-json\/wp\/v2\/media?parent=5459"}],"wp:term":[{"taxonomy":"category","embeddable":true,"href":"https:\/\/dinem.usach.cl\/index.php\/wp-json\/wp\/v2\/categories?post=5459"},{"taxonomy":"post_tag","embeddable":true,"href":"https:\/\/dinem.usach.cl\/index.php\/wp-json\/wp\/v2\/tags?post=5459"}],"curies":[{"name":"wp","href":"https:\/\/api.w.org\/{rel}","templated":true}]}}