{"id":6909,"date":"2025-11-27T12:10:32","date_gmt":"2025-11-27T15:10:32","guid":{"rendered":"https:\/\/dinem.usach.cl\/?p=6909"},"modified":"2025-11-27T12:19:02","modified_gmt":"2025-11-27T15:19:02","slug":"usach-firma-convenio-con-el-ministerio-de-las-culturas-para-impulsar-la-incubacion-de-emprendimientos-creativos","status":"publish","type":"post","link":"https:\/\/dinem.usach.cl\/index.php\/2025\/11\/27\/usach-firma-convenio-con-el-ministerio-de-las-culturas-para-impulsar-la-incubacion-de-emprendimientos-creativos\/","title":{"rendered":"Usach firma convenio con el Ministerio de las Culturas para impulsar la incubaci\u00f3n de emprendimientos creativos"},"content":{"rendered":"\t\t<div data-elementor-type=\"wp-post\" data-elementor-id=\"6909\" class=\"elementor elementor-6909\" data-elementor-post-type=\"post\">\n\t\t\t\t\t\t\t\t\t<section class=\"elementor-section elementor-top-section elementor-element elementor-element-340ebeb6 elementor-section-full_width elementor-section-height-default elementor-section-height-default\" data-id=\"340ebeb6\" data-element_type=\"section\">\n\t\t\t\t\t\t<div class=\"elementor-container elementor-column-gap-default\">\n\t\t\t\t\t<div class=\"elementor-column elementor-col-100 elementor-top-column elementor-element elementor-element-56af3adf\" data-id=\"56af3adf\" data-element_type=\"column\">\n\t\t\t<div class=\"elementor-widget-wrap elementor-element-populated\">\n\t\t\t\t\t\t\t\t<section class=\"elementor-section elementor-inner-section elementor-element elementor-element-358017d9 elementor-section-boxed elementor-section-height-default elementor-section-height-default\" data-id=\"358017d9\" data-element_type=\"section\">\n\t\t\t\t\t\t<div class=\"elementor-container elementor-column-gap-default\">\n\t\t\t\t\t<div class=\"elementor-column elementor-col-100 elementor-inner-column elementor-element elementor-element-5ec698e8\" data-id=\"5ec698e8\" data-element_type=\"column\">\n\t\t\t<div class=\"elementor-widget-wrap elementor-element-populated\">\n\t\t\t\t\t\t\t\t<div class=\"elementor-element elementor-element-617ea463 elementor-share-buttons--view-icon elementor-share-buttons--shape-circle elementor-share-buttons--align-right elementor-share-buttons--skin-gradient elementor-grid-0 elementor-share-buttons--color-official elementor-widget elementor-widget-share-buttons\" data-id=\"617ea463\" data-element_type=\"widget\" data-widget_type=\"share-buttons.default\">\n\t\t\t\t<div class=\"elementor-widget-container\">\n\t\t\t\t\t<div class=\"elementor-grid\">\n\t\t\t\t\t\t\t\t<div class=\"elementor-grid-item\">\n\t\t\t\t\t\t<div\n\t\t\t\t\t\t\tclass=\"elementor-share-btn elementor-share-btn_facebook\"\n\t\t\t\t\t\t\trole=\"button\"\n\t\t\t\t\t\t\ttabindex=\"0\"\n\t\t\t\t\t\t\taria-label=\"Share on facebook\"\n\t\t\t\t\t\t>\n\t\t\t\t\t\t\t\t\t\t\t\t\t\t\t<span class=\"elementor-share-btn__icon\">\n\t\t\t\t\t\t\t\t<i class=\"fab fa-facebook\" aria-hidden=\"true\"><\/i>\t\t\t\t\t\t\t<\/span>\n\t\t\t\t\t\t\t\t\t\t\t\t\t\t\t\t\t\t\t\t<\/div>\n\t\t\t\t\t<\/div>\n\t\t\t\t\t\t\t\t\t<div class=\"elementor-grid-item\">\n\t\t\t\t\t\t<div\n\t\t\t\t\t\t\tclass=\"elementor-share-btn elementor-share-btn_twitter\"\n\t\t\t\t\t\t\trole=\"button\"\n\t\t\t\t\t\t\ttabindex=\"0\"\n\t\t\t\t\t\t\taria-label=\"Share on twitter\"\n\t\t\t\t\t\t>\n\t\t\t\t\t\t\t\t\t\t\t\t\t\t\t<span class=\"elementor-share-btn__icon\">\n\t\t\t\t\t\t\t\t<i class=\"fab fa-twitter\" aria-hidden=\"true\"><\/i>\t\t\t\t\t\t\t<\/span>\n\t\t\t\t\t\t\t\t\t\t\t\t\t\t\t\t\t\t\t\t<\/div>\n\t\t\t\t\t<\/div>\n\t\t\t\t\t\t\t\t\t<div class=\"elementor-grid-item\">\n\t\t\t\t\t\t<div\n\t\t\t\t\t\t\tclass=\"elementor-share-btn elementor-share-btn_linkedin\"\n\t\t\t\t\t\t\trole=\"button\"\n\t\t\t\t\t\t\ttabindex=\"0\"\n\t\t\t\t\t\t\taria-label=\"Share on linkedin\"\n\t\t\t\t\t\t>\n\t\t\t\t\t\t\t\t\t\t\t\t\t\t\t<span class=\"elementor-share-btn__icon\">\n\t\t\t\t\t\t\t\t<i class=\"fab fa-linkedin\" aria-hidden=\"true\"><\/i>\t\t\t\t\t\t\t<\/span>\n\t\t\t\t\t\t\t\t\t\t\t\t\t\t\t\t\t\t\t\t<\/div>\n\t\t\t\t\t<\/div>\n\t\t\t\t\t\t<\/div>\n\t\t\t\t<\/div>\n\t\t\t\t<\/div>\n\t\t\t\t<div class=\"elementor-element elementor-element-1be03afa elementor-widget elementor-widget-text-editor\" data-id=\"1be03afa\" data-element_type=\"widget\" data-widget_type=\"text-editor.default\">\n\t\t\t\t<div class=\"elementor-widget-container\">\n\t\t\t\t\t\t\t<p><!-- wp:heading {\"level\":3} --><\/p>\n<div data-id=\"3e61497\" data-element_type=\"column\">\n<div data-id=\"c6699c2\" data-element_type=\"widget\" data-widget_type=\"text-editor.default\">\n<p>Como parte de este acuerdo, Usach ejecutar\u00e1 el programa denominado \u201cAurora\u201d, una convocatoria que permitir\u00e1 seleccionar y acompa\u00f1ar a empresas creativas mediante un modelo h\u00edbrido de formaci\u00f3n, mentor\u00eda personalizada y acciones de visibilizaci\u00f3n.\u00a0<\/p>\n<\/div>\n<\/div>\n<p><!-- \/wp:image --><!-- wp:paragraph --><\/p>\n<p><!-- \/wp:paragraph --><\/p>\t\t\t\t\t\t<\/div>\n\t\t\t\t<\/div>\n\t\t\t\t<div class=\"elementor-element elementor-element-7756cf05 elementor-widget elementor-widget-text-editor\" data-id=\"7756cf05\" data-element_type=\"widget\" data-widget_type=\"text-editor.default\">\n\t\t\t\t<div class=\"elementor-widget-container\">\n\t\t\t\t\t\t\t<p dir=\"ltr\" style=\"line-height: 1.38; text-align: justify; margin-top: 12pt; margin-bottom: 12pt;\"><span style=\"font-size: 11pt; font-family: Arial,sans-serif; color: #000000; background-color: transparent; font-weight: 400; font-style: normal; font-variant: normal; text-decoration: none; vertical-align: baseline; white-space: pre-wrap;\">La Universidad de Santiago de Chile y el Ministerio de las Culturas, las Artes y el Patrimonio firmaron un Convenio Espec\u00edfico de Colaboraci\u00f3n y Transferencia de Recursos que permitir\u00e1 la puesta en marcha del \u201cSemillero de incubaci\u00f3n para el fomento y desarrollo de la econom\u00eda creativa\u201d, una nueva iniciativa orientada a fortalecer a emprendedores y empresas del sector creativo.\u00a0<\/span><\/p>\n<p dir=\"ltr\" style=\"line-height: 1.38; text-align: justify; margin-top: 12pt; margin-bottom: 12pt;\"><span style=\"font-size: 11pt; font-family: Arial,sans-serif; color: #000000; background-color: transparent; font-weight: 400; font-style: normal; font-variant: normal; text-decoration: none; vertical-align: baseline; white-space: pre-wrap;\">La ejecuci\u00f3n del semillero estar\u00e1 a cargo desde la Vicerrector\u00eda de Investigaci\u00f3n, Innovaci\u00f3n y Creaci\u00f3n Usach (Vriic), por su Direcci\u00f3n de Innovaci\u00f3n y Emprendimiento (Dinem) a trav\u00e9s de la Incubadora de Negocios, Innovo Usach. Contempla la implementaci\u00f3n de un proceso integral de acompa\u00f1amiento para potenciar la sostenibilidad, escalabilidad y proyecci\u00f3n de iniciativas creativas a nivel nacional.<\/span><\/p>\n<p dir=\"ltr\" style=\"line-height: 1.38; text-align: justify; margin-top: 12pt; margin-bottom: 12pt;\"><span style=\"font-size: 11pt; font-family: Arial,sans-serif; color: #000000; background-color: transparent; font-weight: 400; font-style: normal; font-variant: normal; text-decoration: none; vertical-align: baseline; white-space: pre-wrap;\">El convenio establece compromisos rec\u00edprocos entre ambas instituciones para desarrollar capacitaciones, diagn\u00f3sticos, mentor\u00edas, rutas de financiamiento y actividades de incubaci\u00f3n, consolidando un espacio formativo que fortalezca las capacidades t\u00e9cnicas y estrat\u00e9gicas de agentes culturales en diversos territorios del pa\u00eds.<\/span><\/p>\n<p dir=\"ltr\" style=\"line-height: 1.38; text-align: justify; margin-top: 12pt; margin-bottom: 12pt;\"><span style=\"background-color: transparent; color: #000000; font-family: Arial, sans-serif; font-size: 11pt; font-weight: bold; white-space-collapse: preserve; text-align: center;\">Convocatoria Programa Aurora<\/span><\/p>\n<p dir=\"ltr\" style=\"line-height: 1.38; text-align: justify; margin-top: 12pt; margin-bottom: 12pt;\"><span style=\"font-size: 11pt; font-family: Arial,sans-serif; color: #000000; background-color: transparent; font-weight: 400; font-style: normal; font-variant: normal; text-decoration: none; vertical-align: baseline; white-space: pre-wrap;\">Como parte de este acuerdo, Usach ejecutar\u00e1 el programa denominado \u201cAurora\u201d, una convocatoria que permitir\u00e1 seleccionar y acompa\u00f1ar a empresas creativas mediante un modelo h\u00edbrido de formaci\u00f3n, mentor\u00eda personalizada y acciones de visibilizaci\u00f3n.\u00a0<\/span><\/p>\n<p dir=\"ltr\" style=\"line-height: 1.38; text-align: justify; margin-top: 12pt; margin-bottom: 12pt;\"><span style=\"font-size: 11pt; font-family: Arial,sans-serif; color: #000000; background-color: transparent; font-weight: 400; font-style: normal; font-variant: normal; text-decoration: none; vertical-align: baseline; white-space: pre-wrap;\">El programa buscar\u00e1 fortalecer durante 2026 a 50 empresas creativas con alto potencial de crecimiento, con foco en la madurez de sus modelos de sostenibilidad, la adopci\u00f3n de herramientas digitales, el fortalecimiento de sus estrategias y la articulaci\u00f3n de redes sectoriales y territoriales.<\/span><\/p>\n<p dir=\"ltr\" style=\"line-height: 1.38; margin-top: 12pt; margin-bottom: 12pt;\"><span style=\"font-size: 11pt; font-family: Arial,sans-serif; color: #000000; background-color: transparent; font-weight: 400; font-style: normal; font-variant: normal; text-decoration: none; vertical-align: baseline; white-space: pre-wrap;\">\u201c<\/span><i><span style=\"font-size: 11pt; font-family: Arial, sans-serif; color: #000000; background-color: transparent; font-weight: 400; font-variant: normal; text-decoration: none; vertical-align: baseline; white-space: pre-wrap;\">Esta colaboraci\u00f3n representa un paso relevante en la profesionalizaci\u00f3n del sector creativo, aline\u00e1ndose con la misi\u00f3n institucional de aportar al desarrollo econ\u00f3mico, social y cultural del pa\u00eds\u201d, afirma <\/span><span style=\"font-size: 11pt; font-family: Arial, sans-serif; color: #000000; background-color: transparent; font-variant: normal; text-decoration: none; vertical-align: baseline; white-space: pre-wrap;\"><b>Leonidas Ibarra<\/b><\/span><span style=\"font-size: 11pt; font-family: Arial, sans-serif; color: #000000; background-color: transparent; font-weight: 400; font-variant: normal; text-decoration: none; vertical-align: baseline; white-space: pre-wrap;\">, Director de la Dinem.<\/span><\/i><\/p>\n<p dir=\"ltr\" style=\"line-height: 1.38; margin-right: -2.043307086614135pt; margin-top: 12pt; margin-bottom: 12pt;\"><span style=\"font-size: 11pt; font-family: Arial,sans-serif; color: #000000; background-color: transparent; font-weight: 400; font-style: normal; font-variant: normal; text-decoration: none; vertical-align: baseline; white-space: pre-wrap;\">Y agrega que \u201ccomo universidad estatal, nuestro compromiso es que las distintas industrias del conocimiento tengan un lugar significativo en la transformaci\u00f3n productiva de Chile, y este semillero es una herramienta concreta para que la econom\u00eda creativa, en distintos territorios, se consolide como una fuente de negocios din\u00e1micos, sostenibles y generadores de empleo\u201d.<\/span><\/p>\n<p dir=\"ltr\" style=\"line-height: 1.38; margin-right: -2.043307086614135pt; margin-top: 12pt; margin-bottom: 12pt;\"><span style=\"font-size: 11pt; font-family: Arial,sans-serif; color: #000000; background-color: transparent; font-weight: 400; font-style: normal; font-variant: normal; text-decoration: none; vertical-align: baseline; white-space: pre-wrap;\">La convocatoria para participar del programa Aurora se abrir\u00e1 durante los primeros d\u00edas de diciembre y se informar\u00e1 de todos los detalles a trav\u00e9s de los canales de Innovo Usach y la Vriic.\u00a0<\/span><\/p>\n<p dir=\"ltr\" style=\"line-height: 1.38; margin-right: -2.043307086614135pt; margin-top: 12pt; margin-bottom: 12pt;\"><span style=\"background-color: transparent; color: #000000; font-family: Arial, sans-serif; font-size: 11pt; font-weight: bold; white-space-collapse: preserve; text-align: center;\">Apoyo a industrias creativas<\/span><\/p>\n<p dir=\"ltr\" style=\"line-height: 1.38; text-align: justify; margin-top: 12pt; margin-bottom: 12pt;\"><span style=\"font-size: 11pt; font-family: Arial,sans-serif; color: #000000; background-color: transparent; font-weight: 400; font-style: normal; font-variant: normal; text-decoration: none; vertical-align: baseline; white-space: pre-wrap;\">La puesta en marcha de Aurora se suma a un trabajo sostenido que Dinem ha venido realizando en los \u00faltimos a\u00f1os para incorporar a las industrias creativas dentro de su estrategia de innovaci\u00f3n. Este esfuerzo se ha expresado en el Programa de innovaci\u00f3n y Emprendimiento Despega Usach, a trav\u00e9s de la creaci\u00f3n de una categor\u00eda espec\u00edfica de acompa\u00f1amiento, en la conformaci\u00f3n de equipos dedicados y en el dise\u00f1o de planes de acci\u00f3n ajustados a las necesidades reales del sector.<\/span><\/p>\n<p dir=\"ltr\" style=\"line-height: 1.3800000000000001; text-align: justify; margin-top: 12pt; margin-bottom: 12pt;\">\u00a0<\/p>\n<p dir=\"ltr\" style=\"line-height: 1.38; text-align: justify; margin-top: 12pt; margin-bottom: 12pt;\"><span style=\"font-size: 11pt; font-family: Arial,sans-serif; color: #000000; background-color: transparent; font-weight: 400; font-style: normal; font-variant: normal; text-decoration: none; vertical-align: baseline; white-space: pre-wrap;\">Otro hito clave dentro de esta trayectoria fue ECOLAB, la iniciativa \u201cEconom\u00eda Circular y Emprendimiento Creativo desde la Asociatividad\u201d, desarrollada en colaboraci\u00f3n con Casona Compa\u00f1\u00eda, en el Barrio Yungay y que permiti\u00f3 fortalecer capacidades en sostenibilidad econ\u00f3mica, econom\u00eda circular y trabajo asociativo dentro de proyectos creativos, adem\u00e1s de articular redes locales en un ecosistema urbano que hoy se posiciona como un referente comunitario en innovaci\u00f3n cultural. <\/span><\/p>\n<p dir=\"ltr\" style=\"line-height: 1.38; text-align: justify; margin-top: 12pt; margin-bottom: 12pt;\"><span style=\"font-size: 11pt; font-family: Arial, sans-serif; color: #000000; background-color: transparent; font-style: normal; font-variant: normal; text-decoration: none; vertical-align: baseline; white-space: pre-wrap;\"><b>Autores<\/b><\/span><span style=\"font-size: 11pt; font-family: Arial,sans-serif; color: #000000; background-color: transparent; font-weight: 400; font-style: normal; font-variant: normal; text-decoration: none; vertical-align: baseline; white-space: pre-wrap;\">: Pablo Mora e Ignacio Vallejos<\/span><\/p>\n<p dir=\"ltr\" style=\"line-height: 1.38; text-align: justify; margin-top: 12pt; margin-bottom: 12pt;\"><span style=\"font-size: 11pt; font-family: Arial, sans-serif; color: #000000; background-color: transparent; font-style: normal; font-variant: normal; text-decoration: none; vertical-align: baseline; white-space: pre-wrap;\"><b>Tags<\/b><\/span><span style=\"font-size: 11pt; font-family: Arial,sans-serif; color: #000000; background-color: transparent; font-weight: 400; font-style: normal; font-variant: normal; text-decoration: none; vertical-align: baseline; white-space: pre-wrap;\">: Usach<\/span><\/p>\n<p dir=\"ltr\" style=\"line-height: 1.38; text-align: justify; margin-top: 12pt; margin-bottom: 12pt;\"><span style=\"font-size: 11pt; font-family: Arial,sans-serif; color: #000000; background-color: transparent; font-weight: 400; font-style: normal; font-variant: normal; text-decoration: none; vertical-align: baseline; white-space: pre-wrap;\">Mincap<\/span><\/p>\n<p dir=\"ltr\" style=\"line-height: 1.38; text-align: justify; margin-top: 12pt; margin-bottom: 12pt;\"><span style=\"font-size: 11pt; font-family: Arial,sans-serif; color: #000000; background-color: transparent; font-weight: 400; font-style: normal; font-variant: normal; text-decoration: none; vertical-align: baseline; white-space: pre-wrap;\">Aurora<\/span><\/p>\t\t\t\t\t\t<\/div>\n\t\t\t\t<\/div>\n\t\t\t\t\t<\/div>\n\t\t<\/div>\n\t\t\t\t\t\t\t<\/div>\n\t\t<\/section>\n\t\t\t\t\t<\/div>\n\t\t<\/div>\n\t\t\t\t\t\t\t<\/div>\n\t\t<\/section>\n\t\t\t\t\t\t\t<\/div>\n\t\t","protected":false},"excerpt":{"rendered":"<p>Como parte de este acuerdo, Usach ejecutar\u00e1 el programa denominado \u201cAurora\u201d, una convocatoria que permitir\u00e1 seleccionar y acompa\u00f1ar a empresas creativas mediante un modelo h\u00edbrido de formaci\u00f3n, mentor\u00eda personalizada y acciones de visibilizaci\u00f3n.\u00a0 La Universidad de Santiago de Chile y el Ministerio de las Culturas, las Artes y el Patrimonio firmaron un Convenio Espec\u00edfico de &hellip;<\/p>\n<p class=\"read-more\"> <a class=\"\" href=\"https:\/\/dinem.usach.cl\/index.php\/2025\/11\/27\/usach-firma-convenio-con-el-ministerio-de-las-culturas-para-impulsar-la-incubacion-de-emprendimientos-creativos\/\"> <span class=\"screen-reader-text\">Usach firma convenio con el Ministerio de las Culturas para impulsar la incubaci\u00f3n de emprendimientos creativos<\/span> Read More &raquo;<\/a><\/p>\n","protected":false},"author":1,"featured_media":6910,"comment_status":"closed","ping_status":"","sticky":false,"template":"","format":"standard","meta":{"inline_featured_image":false,"site-sidebar-layout":"default","site-content-layout":"","ast-site-content-layout":"default","site-content-style":"default","site-sidebar-style":"default","ast-global-header-display":"","ast-banner-title-visibility":"","ast-main-header-display":"","ast-hfb-above-header-display":"","ast-hfb-below-header-display":"","ast-hfb-mobile-header-display":"","site-post-title":"","ast-breadcrumbs-content":"","ast-featured-img":"","footer-sml-layout":"","theme-transparent-header-meta":"","adv-header-id-meta":"","stick-header-meta":"","header-above-stick-meta":"","header-main-stick-meta":"","header-below-stick-meta":"","astra-migrate-meta-layouts":"set","ast-page-background-enabled":"default","ast-page-background-meta":{"desktop":{"background-color":"","background-image":"","background-repeat":"repeat","background-position":"center center","background-size":"auto","background-attachment":"scroll","background-type":"","background-media":"","overlay-type":"","overlay-color":"","overlay-gradient":""},"tablet":{"background-color":"","background-image":"","background-repeat":"repeat","background-position":"center center","background-size":"auto","background-attachment":"scroll","background-type":"","background-media":"","overlay-type":"","overlay-color":"","overlay-gradient":""},"mobile":{"background-color":"","background-image":"","background-repeat":"repeat","background-position":"center center","background-size":"auto","background-attachment":"scroll","background-type":"","background-media":"","overlay-type":"","overlay-color":"","overlay-gradient":""}},"ast-content-background-meta":{"desktop":{"background-color":"var(--ast-global-color-5)","background-image":"","background-repeat":"repeat","background-position":"center center","background-size":"auto","background-attachment":"scroll","background-type":"","background-media":"","overlay-type":"","overlay-color":"","overlay-gradient":""},"tablet":{"background-color":"var(--ast-global-color-5)","background-image":"","background-repeat":"repeat","background-position":"center center","background-size":"auto","background-attachment":"scroll","background-type":"","background-media":"","overlay-type":"","overlay-color":"","overlay-gradient":""},"mobile":{"background-color":"var(--ast-global-color-5)","background-image":"","background-repeat":"repeat","background-position":"center center","background-size":"auto","background-attachment":"scroll","background-type":"","background-media":"","overlay-type":"","overlay-color":"","overlay-gradient":""}},"footnotes":""},"categories":[1],"tags":[],"_links":{"self":[{"href":"https:\/\/dinem.usach.cl\/index.php\/wp-json\/wp\/v2\/posts\/6909"}],"collection":[{"href":"https:\/\/dinem.usach.cl\/index.php\/wp-json\/wp\/v2\/posts"}],"about":[{"href":"https:\/\/dinem.usach.cl\/index.php\/wp-json\/wp\/v2\/types\/post"}],"author":[{"embeddable":true,"href":"https:\/\/dinem.usach.cl\/index.php\/wp-json\/wp\/v2\/users\/1"}],"replies":[{"embeddable":true,"href":"https:\/\/dinem.usach.cl\/index.php\/wp-json\/wp\/v2\/comments?post=6909"}],"version-history":[{"count":4,"href":"https:\/\/dinem.usach.cl\/index.php\/wp-json\/wp\/v2\/posts\/6909\/revisions"}],"predecessor-version":[{"id":6914,"href":"https:\/\/dinem.usach.cl\/index.php\/wp-json\/wp\/v2\/posts\/6909\/revisions\/6914"}],"wp:featuredmedia":[{"embeddable":true,"href":"https:\/\/dinem.usach.cl\/index.php\/wp-json\/wp\/v2\/media\/6910"}],"wp:attachment":[{"href":"https:\/\/dinem.usach.cl\/index.php\/wp-json\/wp\/v2\/media?parent=6909"}],"wp:term":[{"taxonomy":"category","embeddable":true,"href":"https:\/\/dinem.usach.cl\/index.php\/wp-json\/wp\/v2\/categories?post=6909"},{"taxonomy":"post_tag","embeddable":true,"href":"https:\/\/dinem.usach.cl\/index.php\/wp-json\/wp\/v2\/tags?post=6909"}],"curies":[{"name":"wp","href":"https:\/\/api.w.org\/{rel}","templated":true}]}}