{"id":6924,"date":"2025-12-02T09:46:51","date_gmt":"2025-12-02T12:46:51","guid":{"rendered":"https:\/\/dinem.usach.cl\/?p=6924"},"modified":"2025-12-02T09:50:40","modified_gmt":"2025-12-02T12:50:40","slug":"ministerio-de-las-culturas-y-usach-presentan-incubadora-aurora-y-abren-convocatoria-a-empresas-creativas-del-pais","status":"publish","type":"post","link":"https:\/\/dinem.usach.cl\/index.php\/2025\/12\/02\/ministerio-de-las-culturas-y-usach-presentan-incubadora-aurora-y-abren-convocatoria-a-empresas-creativas-del-pais\/","title":{"rendered":"Ministerio de las Culturas y Usach presentan incubadora \u201cAurora\u201d y abren convocatoria a empresas creativas del pa\u00eds"},"content":{"rendered":"\t\t<div data-elementor-type=\"wp-post\" data-elementor-id=\"6924\" class=\"elementor elementor-6924\" data-elementor-post-type=\"post\">\n\t\t\t\t\t\t\t\t\t<section class=\"elementor-section elementor-top-section elementor-element elementor-element-43197a8f elementor-section-full_width elementor-section-height-default elementor-section-height-default\" data-id=\"43197a8f\" data-element_type=\"section\">\n\t\t\t\t\t\t<div class=\"elementor-container elementor-column-gap-default\">\n\t\t\t\t\t<div class=\"elementor-column elementor-col-100 elementor-top-column elementor-element elementor-element-53a80813\" data-id=\"53a80813\" data-element_type=\"column\">\n\t\t\t<div class=\"elementor-widget-wrap elementor-element-populated\">\n\t\t\t\t\t\t\t\t<section class=\"elementor-section elementor-inner-section elementor-element elementor-element-7d4b65dd elementor-section-boxed elementor-section-height-default elementor-section-height-default\" data-id=\"7d4b65dd\" data-element_type=\"section\">\n\t\t\t\t\t\t<div class=\"elementor-container elementor-column-gap-default\">\n\t\t\t\t\t<div class=\"elementor-column elementor-col-100 elementor-inner-column elementor-element elementor-element-71f375cf\" data-id=\"71f375cf\" data-element_type=\"column\">\n\t\t\t<div class=\"elementor-widget-wrap elementor-element-populated\">\n\t\t\t\t\t\t\t\t<div class=\"elementor-element elementor-element-1b791a20 elementor-share-buttons--view-icon elementor-share-buttons--shape-circle elementor-share-buttons--align-right elementor-share-buttons--skin-gradient elementor-grid-0 elementor-share-buttons--color-official elementor-widget elementor-widget-share-buttons\" data-id=\"1b791a20\" data-element_type=\"widget\" data-widget_type=\"share-buttons.default\">\n\t\t\t\t<div class=\"elementor-widget-container\">\n\t\t\t\t\t<div class=\"elementor-grid\">\n\t\t\t\t\t\t\t\t<div class=\"elementor-grid-item\">\n\t\t\t\t\t\t<div\n\t\t\t\t\t\t\tclass=\"elementor-share-btn elementor-share-btn_facebook\"\n\t\t\t\t\t\t\trole=\"button\"\n\t\t\t\t\t\t\ttabindex=\"0\"\n\t\t\t\t\t\t\taria-label=\"Share on facebook\"\n\t\t\t\t\t\t>\n\t\t\t\t\t\t\t\t\t\t\t\t\t\t\t<span class=\"elementor-share-btn__icon\">\n\t\t\t\t\t\t\t\t<i class=\"fab fa-facebook\" aria-hidden=\"true\"><\/i>\t\t\t\t\t\t\t<\/span>\n\t\t\t\t\t\t\t\t\t\t\t\t\t\t\t\t\t\t\t\t<\/div>\n\t\t\t\t\t<\/div>\n\t\t\t\t\t\t\t\t\t<div class=\"elementor-grid-item\">\n\t\t\t\t\t\t<div\n\t\t\t\t\t\t\tclass=\"elementor-share-btn elementor-share-btn_twitter\"\n\t\t\t\t\t\t\trole=\"button\"\n\t\t\t\t\t\t\ttabindex=\"0\"\n\t\t\t\t\t\t\taria-label=\"Share on twitter\"\n\t\t\t\t\t\t>\n\t\t\t\t\t\t\t\t\t\t\t\t\t\t\t<span class=\"elementor-share-btn__icon\">\n\t\t\t\t\t\t\t\t<i class=\"fab fa-twitter\" aria-hidden=\"true\"><\/i>\t\t\t\t\t\t\t<\/span>\n\t\t\t\t\t\t\t\t\t\t\t\t\t\t\t\t\t\t\t\t<\/div>\n\t\t\t\t\t<\/div>\n\t\t\t\t\t\t\t\t\t<div class=\"elementor-grid-item\">\n\t\t\t\t\t\t<div\n\t\t\t\t\t\t\tclass=\"elementor-share-btn elementor-share-btn_linkedin\"\n\t\t\t\t\t\t\trole=\"button\"\n\t\t\t\t\t\t\ttabindex=\"0\"\n\t\t\t\t\t\t\taria-label=\"Share on linkedin\"\n\t\t\t\t\t\t>\n\t\t\t\t\t\t\t\t\t\t\t\t\t\t\t<span class=\"elementor-share-btn__icon\">\n\t\t\t\t\t\t\t\t<i class=\"fab fa-linkedin\" aria-hidden=\"true\"><\/i>\t\t\t\t\t\t\t<\/span>\n\t\t\t\t\t\t\t\t\t\t\t\t\t\t\t\t\t\t\t\t<\/div>\n\t\t\t\t\t<\/div>\n\t\t\t\t\t\t<\/div>\n\t\t\t\t<\/div>\n\t\t\t\t<\/div>\n\t\t\t\t<div class=\"elementor-element elementor-element-49105dfd elementor-widget elementor-widget-text-editor\" data-id=\"49105dfd\" data-element_type=\"widget\" data-widget_type=\"text-editor.default\">\n\t\t\t\t<div class=\"elementor-widget-container\">\n\t\t\t\t\t\t\t<p><!-- wp:heading {\"level\":3} --><\/p><div data-id=\"3e61497\" data-element_type=\"column\"><div data-id=\"c6699c2\" data-element_type=\"widget\" data-widget_type=\"text-editor.default\"><p>La iniciativa, a la que se podr\u00e1 postular hasta el 21 de diciembre de 2025, busca promover la diversidad, equidad de g\u00e9nero y la descentralizaci\u00f3n.\u00a0\u00a0<\/p><\/div><\/div><p><!-- \/wp:image --><!-- wp:paragraph --><\/p><p><!-- \/wp:paragraph --><\/p>\t\t\t\t\t\t<\/div>\n\t\t\t\t<\/div>\n\t\t\t\t<div class=\"elementor-element elementor-element-64fbc08a elementor-widget__width-initial elementor-widget elementor-widget-text-editor\" data-id=\"64fbc08a\" data-element_type=\"widget\" data-widget_type=\"text-editor.default\">\n\t\t\t\t<div class=\"elementor-widget-container\">\n\t\t\t\t\t\t\t<p>El Ministerio de las Culturas, las Artes y el Patrimonio y la Universidad de Santiago de Chile (Usach), anunciaron la apertura de la convocatoria para participar de \u201cAurora\u201d, un nuevo programa de fortalecimiento de empresas creativas, impulsado por la secretar\u00eda de Estado y el establecimiento de educaci\u00f3n universitaria.<\/p>\n<p><span style=\"font-style: inherit; font-weight: inherit;\">El programa, que ser\u00e1 implementado por la Usach a trav\u00e9s de la Direcci\u00f3n de Innovaci\u00f3n y Emprendimiento (Dinem) y su incubadora Innovo Usach, beneficiar\u00e1 a dos generaciones de 25 empresas creativas \u2013 totalizando 50 beneficiarios\u2013, con al menos dos a\u00f1os de vigencia, en el fortalecimiento de la madurez, la sostenibilidad y la proyecci\u00f3n nacional e internacional. Esto, por medio de un proceso de incubaci\u00f3n y aceleraci\u00f3n h\u00edbrido que integra formaci\u00f3n, asesor\u00eda t\u00e9cnica, mentor\u00edas especializadas y acciones de visibilizaci\u00f3n.&nbsp;<\/span><\/p>\n<p><span style=\"font-style: inherit; font-weight: inherit;\">\u201c<\/span><span style=\"font-weight: inherit;\"><i>Estamos muy felices de anunciar este programa del Ministerio de las Culturas, las Artes y el Patrimonio, en alianza con la Universidad de Santiago de Chile, que permitir\u00e1 ir en apoyo de 50 empresas creativas de todo el pa\u00eds, para impulsar sus negocios, entreg\u00e1ndoles conocimiento y herramientas esenciales para su sostenibilidad, lo que a su vez impacta favorablemente a los ecosistemas creativos en los que conviven. Creemos firmemente que la econom\u00eda creativa es un camino hacia el desarrollo sostenible de los territorios, el proyecto Aurora y su incubadora, responden a esa convicci\u00f3n. Invitamos a todas las empresas creativas del pa\u00eds interesadas a postular, con la garant\u00eda de que este es un programa con foco en la descentralizaci\u00f3n y la participaci\u00f3n equitativa de g\u00e9neros<\/i><\/span><span style=\"font-style: inherit; font-weight: inherit;\">\u201d, afirm\u00f3 la ministra <\/span><span style=\"font-style: inherit;\"><b>Carolina Arredondo<\/b><\/span><span style=\"font-style: inherit; font-weight: inherit;\">.&nbsp;<\/span><\/p>\n<p><span style=\"font-style: inherit; font-weight: inherit;\">Para el Vicerrector de Investigaci\u00f3n, Innovaci\u00f3n y Creaci\u00f3n de la Universidad de Santiago, <\/span><span style=\"font-style: inherit;\"><b>Dr. Pablo Donoso<\/b><\/span><span style=\"font-style: inherit; font-weight: inherit;\">, \u201c<\/span><span style=\"font-weight: inherit;\"><i>liderar el proyecto Aurora, en colaboraci\u00f3n con el Ministerio de las Culturas, las Artes y el Patrimonio, es una muestra concreta de c\u00f3mo las universidades estatales pueden contribuir al desarrollo del pa\u00eds, desde la innovaci\u00f3n y la cultura. Este trabajo conjunto nos permite impulsar una visi\u00f3n compartida de crecimiento para las industrias creativas, promoviendo inclusi\u00f3n, equidad territorial y sostenibilidad<\/i><\/span><span style=\"font-style: inherit; font-weight: inherit;\">\u201d.<\/span><\/p>\n<p><span style=\"font-style: inherit; font-weight: inherit;\">\u201c<\/span><span style=\"font-weight: inherit;\"><i>A trav\u00e9s de nuestra Incubadora de Negocios Innovo-Usach, hemos consolidado una trayectoria destacada de casi 20 a\u00f1os en el apoyo a emprendimientos de base creativa, cient\u00edfica y tecnol\u00f3gica. Y en ese sentido, nuestra experiencia nos posiciona como un actor clave para acompa\u00f1ar a las empresas seleccionadas en su fortalecimiento estrat\u00e9gico y proyecci\u00f3n nacional e internacional<\/i><\/span><span style=\"font-style: inherit; font-weight: inherit;\">\u201d, agreg\u00f3 el Dr. Donoso.<\/span><\/p>\n<p><span style=\"font-style: inherit; font-weight: inherit;\">El proyecto Aurora se enmarca en la Estrategia Nacional de Econom\u00eda Creativa del Ministerio de las Culturas, a partir de la que se impulsan programas que tienen por objetivo el fortalecimiento de las capacidades de las y los agentes creativos y culturales, promoviendo su sostenibilidad, escalabilidad y su contribuci\u00f3n a la diversificaci\u00f3n productiva del pa\u00eds.&nbsp;<\/span><\/p>\n<p><span style=\"font-style: inherit; font-weight: inherit;\">De esta manera, se busca que las industrias creativas dinamicen otros sectores de la econom\u00eda, fortalezcan la cadena de valor y contribuyan al incremento de la empleabilidad en los territorios, la sostenibilidad y proyecci\u00f3n de las industrias creativas en los distintos territorios de Chile.&nbsp;<\/span><\/p>\n<p><span style=\"font-style: inherit; font-weight: inherit;\">S<\/span><span style=\"font-style: inherit;\"><b>obre la postulaci\u00f3n<\/b><\/span><\/p>\n<p><span style=\"font-style: inherit; font-weight: inherit;\">A trav\u00e9s de Aurora, las empresas creativas seleccionadas podr\u00e1n fortalecer capacidades estrat\u00e9gicas y de gesti\u00f3n, recibir apoyo para el dise\u00f1o y ejecuci\u00f3n de sus planes de desarrollo, permitiendo a \u00e9stas focalizarse en su estrategia de impacto y proyecci\u00f3n.&nbsp;<\/span><\/p>\n<p><span style=\"font-style: inherit; font-weight: inherit;\">El programa, adem\u00e1s, impulsa la adopci\u00f3n de herramientas digitales y nuevos lenguajes, promoviendo la inserci\u00f3n de las empresas en entornos emergentes como el audiovisual, gaming, metaverso, experiencias inmersivas y plataformas digitales.&nbsp;<\/span><\/p>\n<p><span style=\"font-style: inherit; font-weight: inherit;\">Asimismo, Aurora busca fomentar la dinamizaci\u00f3n de la cadena de valor y otros sectores econ\u00f3micos, para lo que se generar\u00e1n casos que fortalezcan v\u00ednculos intersectoriales y territoriales, la empleabilidad y la circulaci\u00f3n de bienes y servicios creativos.&nbsp;<\/span><\/p>\n<p><span style=\"font-style: inherit; font-weight: inherit;\">Tambi\u00e9n promueve la diversidad, la equidad de g\u00e9nero, y la descentralizaci\u00f3n, por lo que contempla la selecci\u00f3n de al menos un 40% de empresas lideradas por mujeres, y un 60% de proyectos basados en regiones distintas a la Metropolitana.&nbsp;&nbsp;<\/span><\/p>\n<p><span style=\"font-style: inherit; font-weight: inherit;\">L<\/span><span style=\"font-style: inherit;\"><b>as postulaciones se encuentran abiertas hasta el 21 de diciembre de 2025.<\/b><\/span><\/p>\n<p>M\u00e1s informaci\u00f3n en el siguiente&nbsp;<a href=\"https:\/\/dinemusach.vform.io\/process\/8699\/public\" target=\"_blank\">link<\/a>.<\/p>\n<p><br><\/p>\n<p><br><\/p>\t\t\t\t\t\t<\/div>\n\t\t\t\t<\/div>\n\t\t\t\t\t<\/div>\n\t\t<\/div>\n\t\t\t\t\t\t\t<\/div>\n\t\t<\/section>\n\t\t\t\t\t<\/div>\n\t\t<\/div>\n\t\t\t\t\t\t\t<\/div>\n\t\t<\/section>\n\t\t\t\t\t\t\t<\/div>\n\t\t","protected":false},"excerpt":{"rendered":"<p>La iniciativa, a la que se podr\u00e1 postular hasta el 21 de diciembre de 2025, busca promover la diversidad, equidad de g\u00e9nero y la descentralizaci\u00f3n.\u00a0\u00a0 El Ministerio de las Culturas, las Artes y el Patrimonio y la Universidad de Santiago de Chile (Usach), anunciaron la apertura de la convocatoria para participar de \u201cAurora\u201d, un nuevo &hellip;<\/p>\n<p class=\"read-more\"> <a class=\"\" href=\"https:\/\/dinem.usach.cl\/index.php\/2025\/12\/02\/ministerio-de-las-culturas-y-usach-presentan-incubadora-aurora-y-abren-convocatoria-a-empresas-creativas-del-pais\/\"> <span class=\"screen-reader-text\">Ministerio de las Culturas y Usach presentan incubadora \u201cAurora\u201d y abren convocatoria a empresas creativas del pa\u00eds<\/span> Read More &raquo;<\/a><\/p>\n","protected":false},"author":1,"featured_media":6925,"comment_status":"closed","ping_status":"","sticky":false,"template":"","format":"standard","meta":{"inline_featured_image":false,"site-sidebar-layout":"default","site-content-layout":"","ast-site-content-layout":"default","site-content-style":"default","site-sidebar-style":"default","ast-global-header-display":"","ast-banner-title-visibility":"","ast-main-header-display":"","ast-hfb-above-header-display":"","ast-hfb-below-header-display":"","ast-hfb-mobile-header-display":"","site-post-title":"","ast-breadcrumbs-content":"","ast-featured-img":"","footer-sml-layout":"","theme-transparent-header-meta":"","adv-header-id-meta":"","stick-header-meta":"","header-above-stick-meta":"","header-main-stick-meta":"","header-below-stick-meta":"","astra-migrate-meta-layouts":"set","ast-page-background-enabled":"default","ast-page-background-meta":{"desktop":{"background-color":"","background-image":"","background-repeat":"repeat","background-position":"center center","background-size":"auto","background-attachment":"scroll","background-type":"","background-media":"","overlay-type":"","overlay-color":"","overlay-gradient":""},"tablet":{"background-color":"","background-image":"","background-repeat":"repeat","background-position":"center center","background-size":"auto","background-attachment":"scroll","background-type":"","background-media":"","overlay-type":"","overlay-color":"","overlay-gradient":""},"mobile":{"background-color":"","background-image":"","background-repeat":"repeat","background-position":"center center","background-size":"auto","background-attachment":"scroll","background-type":"","background-media":"","overlay-type":"","overlay-color":"","overlay-gradient":""}},"ast-content-background-meta":{"desktop":{"background-color":"var(--ast-global-color-5)","background-image":"","background-repeat":"repeat","background-position":"center center","background-size":"auto","background-attachment":"scroll","background-type":"","background-media":"","overlay-type":"","overlay-color":"","overlay-gradient":""},"tablet":{"background-color":"var(--ast-global-color-5)","background-image":"","background-repeat":"repeat","background-position":"center center","background-size":"auto","background-attachment":"scroll","background-type":"","background-media":"","overlay-type":"","overlay-color":"","overlay-gradient":""},"mobile":{"background-color":"var(--ast-global-color-5)","background-image":"","background-repeat":"repeat","background-position":"center center","background-size":"auto","background-attachment":"scroll","background-type":"","background-media":"","overlay-type":"","overlay-color":"","overlay-gradient":""}},"footnotes":""},"categories":[1],"tags":[],"_links":{"self":[{"href":"https:\/\/dinem.usach.cl\/index.php\/wp-json\/wp\/v2\/posts\/6924"}],"collection":[{"href":"https:\/\/dinem.usach.cl\/index.php\/wp-json\/wp\/v2\/posts"}],"about":[{"href":"https:\/\/dinem.usach.cl\/index.php\/wp-json\/wp\/v2\/types\/post"}],"author":[{"embeddable":true,"href":"https:\/\/dinem.usach.cl\/index.php\/wp-json\/wp\/v2\/users\/1"}],"replies":[{"embeddable":true,"href":"https:\/\/dinem.usach.cl\/index.php\/wp-json\/wp\/v2\/comments?post=6924"}],"version-history":[{"count":4,"href":"https:\/\/dinem.usach.cl\/index.php\/wp-json\/wp\/v2\/posts\/6924\/revisions"}],"predecessor-version":[{"id":6929,"href":"https:\/\/dinem.usach.cl\/index.php\/wp-json\/wp\/v2\/posts\/6924\/revisions\/6929"}],"wp:featuredmedia":[{"embeddable":true,"href":"https:\/\/dinem.usach.cl\/index.php\/wp-json\/wp\/v2\/media\/6925"}],"wp:attachment":[{"href":"https:\/\/dinem.usach.cl\/index.php\/wp-json\/wp\/v2\/media?parent=6924"}],"wp:term":[{"taxonomy":"category","embeddable":true,"href":"https:\/\/dinem.usach.cl\/index.php\/wp-json\/wp\/v2\/categories?post=6924"},{"taxonomy":"post_tag","embeddable":true,"href":"https:\/\/dinem.usach.cl\/index.php\/wp-json\/wp\/v2\/tags?post=6924"}],"curies":[{"name":"wp","href":"https:\/\/api.w.org\/{rel}","templated":true}]}}