{"id":7031,"date":"2026-01-27T12:42:13","date_gmt":"2026-01-27T15:42:13","guid":{"rendered":"https:\/\/dinem.usach.cl\/?p=7031"},"modified":"2026-01-27T12:44:09","modified_gmt":"2026-01-27T15:44:09","slug":"programa-aurora-dio-inicio-oficial-a-su-primera-generacion-con-evento-kick-off-junto-a-empresas-creativas-de-todo-el-pais","status":"publish","type":"post","link":"https:\/\/dinem.usach.cl\/index.php\/2026\/01\/27\/programa-aurora-dio-inicio-oficial-a-su-primera-generacion-con-evento-kick-off-junto-a-empresas-creativas-de-todo-el-pais\/","title":{"rendered":"Programa Aurora dio inicio oficial a su primera generaci\u00f3n con evento Kick-Off junto a empresas creativas de todo el pa\u00eds"},"content":{"rendered":"\t\t<div data-elementor-type=\"wp-post\" data-elementor-id=\"7031\" class=\"elementor elementor-7031\" data-elementor-post-type=\"post\">\n\t\t\t\t\t\t\t\t\t<section class=\"elementor-section elementor-top-section elementor-element elementor-element-2ba81fa3 elementor-section-full_width elementor-section-height-default elementor-section-height-default\" data-id=\"2ba81fa3\" data-element_type=\"section\">\n\t\t\t\t\t\t<div class=\"elementor-container elementor-column-gap-default\">\n\t\t\t\t\t<div class=\"elementor-column elementor-col-100 elementor-top-column elementor-element elementor-element-c318219\" data-id=\"c318219\" data-element_type=\"column\">\n\t\t\t<div class=\"elementor-widget-wrap elementor-element-populated\">\n\t\t\t\t\t\t\t\t<section class=\"elementor-section elementor-inner-section elementor-element elementor-element-40c4e62f elementor-section-boxed elementor-section-height-default elementor-section-height-default\" data-id=\"40c4e62f\" data-element_type=\"section\">\n\t\t\t\t\t\t<div class=\"elementor-container elementor-column-gap-default\">\n\t\t\t\t\t<div class=\"elementor-column elementor-col-100 elementor-inner-column elementor-element elementor-element-6d8631f0\" data-id=\"6d8631f0\" data-element_type=\"column\">\n\t\t\t<div class=\"elementor-widget-wrap elementor-element-populated\">\n\t\t\t\t\t\t\t\t<div class=\"elementor-element elementor-element-92344ef elementor-share-buttons--view-icon elementor-share-buttons--shape-circle elementor-share-buttons--align-right elementor-share-buttons--skin-gradient elementor-grid-0 elementor-share-buttons--color-official elementor-widget elementor-widget-share-buttons\" data-id=\"92344ef\" data-element_type=\"widget\" data-widget_type=\"share-buttons.default\">\n\t\t\t\t<div class=\"elementor-widget-container\">\n\t\t\t\t\t<div class=\"elementor-grid\">\n\t\t\t\t\t\t\t\t<div class=\"elementor-grid-item\">\n\t\t\t\t\t\t<div\n\t\t\t\t\t\t\tclass=\"elementor-share-btn elementor-share-btn_facebook\"\n\t\t\t\t\t\t\trole=\"button\"\n\t\t\t\t\t\t\ttabindex=\"0\"\n\t\t\t\t\t\t\taria-label=\"Share on facebook\"\n\t\t\t\t\t\t>\n\t\t\t\t\t\t\t\t\t\t\t\t\t\t\t<span class=\"elementor-share-btn__icon\">\n\t\t\t\t\t\t\t\t<i class=\"fab fa-facebook\" aria-hidden=\"true\"><\/i>\t\t\t\t\t\t\t<\/span>\n\t\t\t\t\t\t\t\t\t\t\t\t\t\t\t\t\t\t\t\t<\/div>\n\t\t\t\t\t<\/div>\n\t\t\t\t\t\t\t\t\t<div class=\"elementor-grid-item\">\n\t\t\t\t\t\t<div\n\t\t\t\t\t\t\tclass=\"elementor-share-btn elementor-share-btn_twitter\"\n\t\t\t\t\t\t\trole=\"button\"\n\t\t\t\t\t\t\ttabindex=\"0\"\n\t\t\t\t\t\t\taria-label=\"Share on twitter\"\n\t\t\t\t\t\t>\n\t\t\t\t\t\t\t\t\t\t\t\t\t\t\t<span class=\"elementor-share-btn__icon\">\n\t\t\t\t\t\t\t\t<i class=\"fab fa-twitter\" aria-hidden=\"true\"><\/i>\t\t\t\t\t\t\t<\/span>\n\t\t\t\t\t\t\t\t\t\t\t\t\t\t\t\t\t\t\t\t<\/div>\n\t\t\t\t\t<\/div>\n\t\t\t\t\t\t\t\t\t<div class=\"elementor-grid-item\">\n\t\t\t\t\t\t<div\n\t\t\t\t\t\t\tclass=\"elementor-share-btn elementor-share-btn_linkedin\"\n\t\t\t\t\t\t\trole=\"button\"\n\t\t\t\t\t\t\ttabindex=\"0\"\n\t\t\t\t\t\t\taria-label=\"Share on linkedin\"\n\t\t\t\t\t\t>\n\t\t\t\t\t\t\t\t\t\t\t\t\t\t\t<span class=\"elementor-share-btn__icon\">\n\t\t\t\t\t\t\t\t<i class=\"fab fa-linkedin\" aria-hidden=\"true\"><\/i>\t\t\t\t\t\t\t<\/span>\n\t\t\t\t\t\t\t\t\t\t\t\t\t\t\t\t\t\t\t\t<\/div>\n\t\t\t\t\t<\/div>\n\t\t\t\t\t\t<\/div>\n\t\t\t\t<\/div>\n\t\t\t\t<\/div>\n\t\t\t\t<div class=\"elementor-element elementor-element-7a533096 elementor-widget elementor-widget-text-editor\" data-id=\"7a533096\" data-element_type=\"widget\" data-widget_type=\"text-editor.default\">\n\t\t\t\t<div class=\"elementor-widget-container\">\n\t\t\t\t\t\t\t<p><!-- wp:heading {\"level\":3} --><\/p><div data-id=\"3e61497\" data-element_type=\"column\"><div data-id=\"c6699c2\" data-element_type=\"widget\" data-widget_type=\"text-editor.default\"><p><strong>La actividad tuvo como prop\u00f3sito generar un espacio de bienvenida, entrega de informaci\u00f3n estrat\u00e9gica y alineaci\u00f3n de expectativas, orientado a activar la participaci\u00f3n de las empresas en una comunidad de fortalecimiento creativo y comercial, con foco en la sostenibilidad y proyecci\u00f3n de las industrias creativas.<\/strong><\/p><\/div><\/div><p><!-- \/wp:image --><!-- wp:paragraph --><\/p><p><!-- \/wp:paragraph --><\/p>\t\t\t\t\t\t<\/div>\n\t\t\t\t<\/div>\n\t\t\t\t<div class=\"elementor-element elementor-element-74e4b0b7 elementor-widget elementor-widget-text-editor\" data-id=\"74e4b0b7\" data-element_type=\"widget\" data-widget_type=\"text-editor.default\">\n\t\t\t\t<div class=\"elementor-widget-container\">\n\t\t\t\t\t\t\t<p><span style=\"font-weight: 400;\">Con el objetivo de dar inicio oficial al proceso de acompa\u00f1amiento del Programa Aurora, el Ministerio de las Culturas, las Artes y el Patrimonio, a trav\u00e9s de la Secretar\u00eda Ejecutiva de Econom\u00eda Creativa, y la Incubadora de Negocios de la Universidad de Santiago, Innovo Usach, organizaron el Kick-Off Aurora 2026. La instancia marc\u00f3 el comienzo del trabajo con las 25 empresas creativas seleccionadas en esta primera generaci\u00f3n del programa.<\/span><\/p><p><span style=\"font-weight: 400;\">La actividad se desarroll\u00f3 el jueves 22 de enero, de manera virtual, y tuvo como prop\u00f3sito generar un espacio de bienvenida, entrega de informaci\u00f3n estrat\u00e9gica y alineaci\u00f3n de expectativas, orientado a activar la participaci\u00f3n de las empresas en una comunidad de fortalecimiento creativo y comercial, con foco en la sostenibilidad y proyecci\u00f3n de las industrias creativas.<\/span><\/p><p><span style=\"font-weight: 400;\">El evento cont\u00f3 con la participaci\u00f3n de Leonidas Ibarra, Director de Innovaci\u00f3n y Emprendimiento de la Universidad de Santiago de Chile y Director de Innovo Usach, y con la intervenci\u00f3n de Fernando Godoy y Catalina Orellana, integrantes del equipo del Programa Aurora, quienes presentaron la estructura, metodolog\u00eda y etapas del proceso de acompa\u00f1amiento.\u00a0<\/span><\/p><p><span style=\"font-weight: 400;\">Durante la jornada, se present\u00f3 el enfoque general del programa, que considera un acompa\u00f1amiento especializado, no financiero, dirigido a empresas creativas con trayectoria, combinando diagn\u00f3stico, formaci\u00f3n aplicada, asesor\u00edas individuales, mentor\u00edas grupales y vinculaci\u00f3n estrat\u00e9gica, con alcance nacional y una mirada p\u00fablica y territorial.<\/span><\/p><p><span style=\"font-weight: 400;\">En su intervenci\u00f3n, Leonidas Ibarra destac\u00f3 la relevancia de esta alianza entre el mundo acad\u00e9mico y el sector p\u00fablico, se\u00f1alando que el programa busca fortalecer a las empresas creativas no solo desde el financiamiento, sino tambi\u00e9n desde la estrategia, las redes, la mentor\u00eda y la conexi\u00f3n con el ecosistema, poniendo a disposici\u00f3n la experiencia y capacidades de Innovo Usach, Incubadora de Negocios con m\u00e1s de 18 a\u00f1os de trayectoria.<\/span><\/p><p><span style=\"font-weight: 400;\">Por su parte, el equipo del Programa Aurora profundiz\u00f3 en los principios metodol\u00f3gicos del acompa\u00f1amiento, enfatizando que el objetivo no es estandarizar a las empresas, sino respetar su identidad creativa, trabajar sobre proyectos reales y avanzar desde el nivel de madurez de cada una. Asimismo, se relev\u00f3 la importancia de la diversidad sectorial, territorial y de liderazgo, que caracteriza al portafolio de empresas seleccionadas, con representaci\u00f3n de nueve regiones del pa\u00eds, m\u00faltiples sectores creativos y una alta presencia de liderazgo femenino e inclusivo.<\/span><\/p><p><span style=\"font-weight: 400;\">El Kick-Off incluy\u00f3, adem\u00e1s, un espacio de preguntas y di\u00e1logo con las empresas participantes, donde se abordaron temas como la planificaci\u00f3n del programa, la modalidad de las actividades, los compromisos de participaci\u00f3n y las oportunidades de vinculaci\u00f3n y visibilizaci\u00f3n dentro del ecosistema creativo.<\/span><\/p><p><span style=\"font-weight: 400;\">Con esta actividad, el Programa Aurora inicia formalmente su primera versi\u00f3n, dando paso a un proceso de acompa\u00f1amiento de aproximadamente seis meses, que busca fortalecer la madurez, sostenibilidad y proyecci\u00f3n de las empresas creativas participantes, y contribuir al desarrollo de un ecosistema creativo m\u00e1s articulado, diverso y descentralizado a nivel nacional.<\/span><\/p><p>\u00a0<\/p><p>Por: Pablo Mora A.<\/p>\t\t\t\t\t\t<\/div>\n\t\t\t\t<\/div>\n\t\t\t\t\t<\/div>\n\t\t<\/div>\n\t\t\t\t\t\t\t<\/div>\n\t\t<\/section>\n\t\t\t\t\t<\/div>\n\t\t<\/div>\n\t\t\t\t\t\t\t<\/div>\n\t\t<\/section>\n\t\t\t\t\t\t\t<\/div>\n\t\t","protected":false},"excerpt":{"rendered":"<p>La actividad tuvo como prop\u00f3sito generar un espacio de bienvenida, entrega de informaci\u00f3n estrat\u00e9gica y alineaci\u00f3n de expectativas, orientado a activar la participaci\u00f3n de las empresas en una comunidad de fortalecimiento creativo y comercial, con foco en la sostenibilidad y proyecci\u00f3n de las industrias creativas. Con el objetivo de dar inicio oficial al proceso de &hellip;<\/p>\n<p class=\"read-more\"> <a class=\"\" href=\"https:\/\/dinem.usach.cl\/index.php\/2026\/01\/27\/programa-aurora-dio-inicio-oficial-a-su-primera-generacion-con-evento-kick-off-junto-a-empresas-creativas-de-todo-el-pais\/\"> <span class=\"screen-reader-text\">Programa Aurora dio inicio oficial a su primera generaci\u00f3n con evento Kick-Off junto a empresas creativas de todo el pa\u00eds<\/span> Read More &raquo;<\/a><\/p>\n","protected":false},"author":1,"featured_media":7032,"comment_status":"closed","ping_status":"closed","sticky":false,"template":"","format":"standard","meta":{"inline_featured_image":false,"site-sidebar-layout":"default","site-content-layout":"","ast-site-content-layout":"default","site-content-style":"default","site-sidebar-style":"default","ast-global-header-display":"","ast-banner-title-visibility":"","ast-main-header-display":"","ast-hfb-above-header-display":"","ast-hfb-below-header-display":"","ast-hfb-mobile-header-display":"","site-post-title":"","ast-breadcrumbs-content":"","ast-featured-img":"","footer-sml-layout":"","theme-transparent-header-meta":"","adv-header-id-meta":"","stick-header-meta":"","header-above-stick-meta":"","header-main-stick-meta":"","header-below-stick-meta":"","astra-migrate-meta-layouts":"set","ast-page-background-enabled":"default","ast-page-background-meta":{"desktop":{"background-color":"","background-image":"","background-repeat":"repeat","background-position":"center center","background-size":"auto","background-attachment":"scroll","background-type":"","background-media":"","overlay-type":"","overlay-color":"","overlay-gradient":""},"tablet":{"background-color":"","background-image":"","background-repeat":"repeat","background-position":"center center","background-size":"auto","background-attachment":"scroll","background-type":"","background-media":"","overlay-type":"","overlay-color":"","overlay-gradient":""},"mobile":{"background-color":"","background-image":"","background-repeat":"repeat","background-position":"center center","background-size":"auto","background-attachment":"scroll","background-type":"","background-media":"","overlay-type":"","overlay-color":"","overlay-gradient":""}},"ast-content-background-meta":{"desktop":{"background-color":"var(--ast-global-color-5)","background-image":"","background-repeat":"repeat","background-position":"center center","background-size":"auto","background-attachment":"scroll","background-type":"","background-media":"","overlay-type":"","overlay-color":"","overlay-gradient":""},"tablet":{"background-color":"var(--ast-global-color-5)","background-image":"","background-repeat":"repeat","background-position":"center center","background-size":"auto","background-attachment":"scroll","background-type":"","background-media":"","overlay-type":"","overlay-color":"","overlay-gradient":""},"mobile":{"background-color":"var(--ast-global-color-5)","background-image":"","background-repeat":"repeat","background-position":"center center","background-size":"auto","background-attachment":"scroll","background-type":"","background-media":"","overlay-type":"","overlay-color":"","overlay-gradient":""}},"footnotes":""},"categories":[1],"tags":[],"_links":{"self":[{"href":"https:\/\/dinem.usach.cl\/index.php\/wp-json\/wp\/v2\/posts\/7031"}],"collection":[{"href":"https:\/\/dinem.usach.cl\/index.php\/wp-json\/wp\/v2\/posts"}],"about":[{"href":"https:\/\/dinem.usach.cl\/index.php\/wp-json\/wp\/v2\/types\/post"}],"author":[{"embeddable":true,"href":"https:\/\/dinem.usach.cl\/index.php\/wp-json\/wp\/v2\/users\/1"}],"replies":[{"embeddable":true,"href":"https:\/\/dinem.usach.cl\/index.php\/wp-json\/wp\/v2\/comments?post=7031"}],"version-history":[{"count":4,"href":"https:\/\/dinem.usach.cl\/index.php\/wp-json\/wp\/v2\/posts\/7031\/revisions"}],"predecessor-version":[{"id":7036,"href":"https:\/\/dinem.usach.cl\/index.php\/wp-json\/wp\/v2\/posts\/7031\/revisions\/7036"}],"wp:featuredmedia":[{"embeddable":true,"href":"https:\/\/dinem.usach.cl\/index.php\/wp-json\/wp\/v2\/media\/7032"}],"wp:attachment":[{"href":"https:\/\/dinem.usach.cl\/index.php\/wp-json\/wp\/v2\/media?parent=7031"}],"wp:term":[{"taxonomy":"category","embeddable":true,"href":"https:\/\/dinem.usach.cl\/index.php\/wp-json\/wp\/v2\/categories?post=7031"},{"taxonomy":"post_tag","embeddable":true,"href":"https:\/\/dinem.usach.cl\/index.php\/wp-json\/wp\/v2\/tags?post=7031"}],"curies":[{"name":"wp","href":"https:\/\/api.w.org\/{rel}","templated":true}]}}